{"id":6568,"date":"2019-04-29T17:36:35","date_gmt":"2019-04-29T20:36:35","guid":{"rendered":"https:\/\/hostnetart.com.br\/baixada\/santander-trabalhadores-conseguem-poucos-avancos-em-reuniao-com-o-banco\/"},"modified":"2019-04-29T17:36:35","modified_gmt":"2019-04-29T20:36:35","slug":"santander-trabalhadores-conseguem-poucos-avancos-em-reuniao-com-o-banco","status":"publish","type":"post","link":"https:\/\/hostnetart.com.br\/baixada\/santander-trabalhadores-conseguem-poucos-avancos-em-reuniao-com-o-banco\/","title":{"rendered":"Santander: Trabalhadores conseguem poucos avan\u00e7os em reuni\u00e3o com o banco"},"content":{"rendered":"<div class=\"elementor-element elementor-element-194680ec elementor-widget elementor-widget-theme-post-content\" data-id=\"194680ec\" data-element_type=\"widget\" data-widget_type=\"theme-post-content.default\">\n<div class=\"elementor-widget-container\">\n<p>A Confedera\u00e7\u00e3o Nacional dos Trabalhadores do Ramo Financeiro (Contraf-CUT), por meio da Comiss\u00e3o de Organiza\u00e7\u00e3o dos Empregados (COE), e demais entidades de representa\u00e7\u00e3o dos trabalhadores se reuniu com o banco Santander no Comit\u00ea de Rela\u00e7\u00e3o Trabalhistas (CRT) na quinta-feira (25) para debater <a href=\"https:\/\/contrafcut.com.br\/wp-content\/uploads\/2019\/04\/Pauta-CRT-25042019.pdf\" target=\"_blank\" rel=\"noopener noreferrer\">uma pauta<\/a> de quest\u00f5es que afetam o dia a dia de trabalho e est\u00e3o pendentes de negocia\u00e7\u00e3o com o banco.<\/p>\n<p> O CRT \u00e9 uma conquista dos banc\u00e1rios do Santander prevista na cl\u00e1usula 35 do <a href=\"https:\/\/contrafcut.com.br\/wp-content\/uploads\/2019\/04\/bco_santander_act_2018-2020.pdf?x43520\" target=\"_blank\" rel=\"noopener noreferrer\">Acordo Coletivo de Trabalho (ACT) espec\u00edfico do banco<\/a>, aditivo \u00e0 <a href=\"https:\/\/contrafcut.com.br\/wp-content\/uploads\/anexos\/convenios\/2b2f727bc33ea8bfb0c4ea349ed3bbea\/file\/cct-geral.PDF\" target=\"_blank\" rel=\"noopener noreferrer\">Conven\u00e7\u00e3o Coletiva de Trabalho (CCT)<\/a>. A CRT se re\u00fane a cada dois meses para tratar das quest\u00f5es de rela\u00e7\u00f5es trabalhistas.<\/p>\n<p> \u201cFoi uma reuni\u00e3o longa com debates intensos. Tratamos das demandas nacionais dos trabalhadores, mas houve certa insensibilidade do banco. Esper\u00e1vamos mais avan\u00e7os\u201d, disse o secret\u00e1rio de Assuntos Socioecon\u00f4micos e representante da Contraf-CUT na mesa de negocia\u00e7\u00f5es com o banco, Mario Raia.<\/p>\n<h3><strong>CPA 10<\/strong><\/h3>\n<p>A Contraf-CUT reivindicou a extens\u00e3o do prazo para obter a certifica\u00e7\u00e3o, considerando que o normativo do Banco Central 3.158\/2003, estabelece o prazo de at\u00e9 um ano, a partir da contrata\u00e7\u00e3o ou a partir da ascens\u00e3o a novo cargo. E ressaltou a falta de sensibilidade do banco para com as solicita\u00e7\u00f5es dos trabalhadores. Em resposta, o banco prorrogou por mais 30 dias o prazo para a realiza\u00e7\u00e3o das provas.<\/p>\n<h3><strong>Unifica\u00e7\u00e3o de cargos<\/strong><\/h3>\n<p>O banco avalia que o atual modelo de atendimento segmentado est\u00e1 ultrapassado e que, com o novo modelo, embora haja mais gerentes de neg\u00f3cios e servi\u00e7os, n\u00e3o haver\u00e1 aumento de metas para o chamado \u201ccarteir\u00e3o\u201d, a carteira de clientes.<\/p>\n<p> O banco se comprometeu em garantir que o trabalhador tenha seu tempo de treinamento com dedica\u00e7\u00e3o exclusiva dentro da jornada de trabalho. Estuda ainda a inclus\u00e3o de per\u00edodo presencial e a extens\u00e3o do hor\u00e1rio de treinamento.<\/p>\n<p> A configura\u00e7\u00e3o dos cargos depender\u00e1 de cada caso nas ag\u00eancias. Nem todos os caixas dever\u00e3o ser migrados para os novos cargos de gerentes de neg\u00f3cios e servi\u00e7os. Cerca de 2.000 caixas permanecer\u00e3o nessa mesma fun\u00e7\u00e3o.<\/p>\n<h3><strong>Bandeira dos vales refei\u00e7\u00e3o e alimenta\u00e7\u00e3o<\/strong><\/h3>\n<p>Sobre a mudan\u00e7a da bandeira dos vales refei\u00e7\u00e3o e alimenta\u00e7\u00e3o, o banco informou que a quantidade de estabelecimentos cadastrados j\u00e1 \u00e9 maior que a rede da Alelo (utilizada at\u00e9 ent\u00e3o) e que n\u00e3o \u00e9 poss\u00edvel fazer a migra\u00e7\u00e3o de saldo entre o cart\u00e3o velho e o novo nem estender o prazo de implanta\u00e7\u00e3o.<\/p>\n<p> \u201cEmbora o banco tenha apresentado n\u00fameros de que a rede credenciada j\u00e1 seja maior do que a da Alelo, na maioria dos lugares onde os banc\u00e1rios conseguem usar o Alelo, ainda n\u00e3o conseguir\u00e3o usar o Ben Visa Vale a partir desta ter\u00e7a-feira (30). Por isso a preocupa\u00e7\u00e3o com as dificuldades de aceita\u00e7\u00e3o do novo cart\u00e3o\u201d, disse a coordenadora da COE, Maria Rosani.<\/p>\n<h3><strong>Retirada das portas-girat\u00f3rias<\/strong><\/h3>\n<p>Os representantes dos trabalhadores cobraram a manuten\u00e7\u00e3o das portas girat\u00f3rias. O banco afirmou que todas as ag\u00eancias est\u00e3o de acordo com o Plano de Seguran\u00e7a da Pol\u00edcia Federal e que \u201cas portas girat\u00f3rias n\u00e3o s\u00e3o mais impeditivas\u201d para as situa\u00e7\u00f5es de assalto.<\/p>\n<p> Al\u00e9m disso, n\u00e3o ser\u00e3o todas as ag\u00eancias que ter\u00e3o suas portas girat\u00f3rias retiradas, isso depender\u00e1 de avalia\u00e7\u00f5es do banco e das legisla\u00e7\u00f5es, que pro\u00edbem a retirada em alguns estados e munic\u00edpios.<\/p>\n<p> \u201cPercebemos que as novas tecnologias em implanta\u00e7\u00e3o visam apenas a seguran\u00e7a patrimonial, mas esquecem da integridade dos funcion\u00e1rios e clientes do banco, que estar\u00e3o expostos \u00e0s a\u00e7\u00f5es de criminosos que poder\u00e3o entrar nas ag\u00eancias sem que se percebam que est\u00e3o armados\u201d, observou o representante da Contraf-CUT.<\/p>\n<p> A Contraf-CUT solicita que os bancos compartilhem os locais onde se pretende retirar as portas e ir\u00e1 cobrar os resultados nas pr\u00f3ximas reuni\u00f5es.<\/p>\n<h3><strong>Abertura aos finais de semana<\/strong><\/h3>\n<p>A Contraf-CUT reivindicou que o projeto de abertura de ag\u00eancias nos finais de semana para educa\u00e7\u00e3o financeira seja apresentado na \u00edntegra.<\/p>\n<p> O banco sustenta que ser\u00e1 um trabalho volunt\u00e1rio dos funcion\u00e1rios em 29 ag\u00eancias do pa\u00eds e que n\u00e3o haver\u00e1 trabalho comercial nas ag\u00eancias que trabalhar\u00e3o com orienta\u00e7\u00e3o financeira.<\/p>\n<p> \u201cOs trabalhadores devem denunciar ao seu sindicato caso tenha ocorrido alguma press\u00e3o para se tornar \u201cvolunt\u00e1rio\u201d. Eles precisam estar cientes de que, ao realizar esse tipo de trabalho, n\u00e3o estar\u00e3o cobertos pela legisla\u00e7\u00e3o trabalhista caso ocorra algum acidente no trajeto e\/ou no trabalho\u201d, orientou Mario Raia.<\/p>\n<h3><strong>Reembolso de KM rodado<\/strong><\/h3>\n<p>O banco afirmou que j\u00e1 est\u00e1 em estudo a majora\u00e7\u00e3o do valor do quil\u00f4metro rodado e seu novo valor ser\u00e1 anunciado nos pr\u00f3ximos dias.<\/p>\n<p> Outras reivindica\u00e7\u00f5es, como: retorno ao trabalho e plano de sa\u00fade ficaram para serem discutidas na pr\u00f3xima reuni\u00e3o.<\/p>\n<p>\u00a0<\/p>\n<p><strong>Fonte: Contraf-CUT<\/strong><\/p>\n<\/div>\n<\/div>\n","protected":false},"excerpt":{"rendered":"<p>A Confedera\u00e7\u00e3o Nacional dos Trabalhadores do Ramo Financeiro (Contraf-CUT), por meio da Comiss\u00e3o de Organiza\u00e7\u00e3o dos Empregados (COE), e demais entidades de representa\u00e7\u00e3o dos trabalhadores se reuniu com o banco Santander no Comit\u00ea de Rela\u00e7\u00e3o Trabalhistas (CRT) na quinta-feira (25) para debater uma pauta de quest\u00f5es que afetam o dia a dia de trabalho e [&hellip;]<\/p>\n","protected":false},"author":2,"featured_media":6567,"comment_status":"","ping_status":"","sticky":false,"template":"","format":"standard","meta":{"footnotes":""},"categories":[3],"tags":[],"class_list":["post-6568","post","type-post","status-publish","format-standard","has-post-thumbnail","hentry","category-noticias"],"_links":{"self":[{"href":"https:\/\/hostnetart.com.br\/baixada\/wp-json\/wp\/v2\/posts\/6568","targetHints":{"allow":["GET"]}}],"collection":[{"href":"https:\/\/hostnetart.com.br\/baixada\/wp-json\/wp\/v2\/posts"}],"about":[{"href":"https:\/\/hostnetart.com.br\/baixada\/wp-json\/wp\/v2\/types\/post"}],"author":[{"embeddable":true,"href":"https:\/\/hostnetart.com.br\/baixada\/wp-json\/wp\/v2\/users\/2"}],"replies":[{"embeddable":true,"href":"https:\/\/hostnetart.com.br\/baixada\/wp-json\/wp\/v2\/comments?post=6568"}],"version-history":[{"count":0,"href":"https:\/\/hostnetart.com.br\/baixada\/wp-json\/wp\/v2\/posts\/6568\/revisions"}],"wp:featuredmedia":[{"embeddable":true,"href":"https:\/\/hostnetart.com.br\/baixada\/wp-json\/wp\/v2\/media\/6567"}],"wp:attachment":[{"href":"https:\/\/hostnetart.com.br\/baixada\/wp-json\/wp\/v2\/media?parent=6568"}],"wp:term":[{"taxonomy":"category","embeddable":true,"href":"https:\/\/hostnetart.com.br\/baixada\/wp-json\/wp\/v2\/categories?post=6568"},{"taxonomy":"post_tag","embeddable":true,"href":"https:\/\/hostnetart.com.br\/baixada\/wp-json\/wp\/v2\/tags?post=6568"}],"curies":[{"name":"wp","href":"https:\/\/api.w.org\/{rel}","templated":true}]}}