{"id":6554,"date":"2019-04-25T18:27:25","date_gmt":"2019-04-25T21:27:25","guid":{"rendered":"https:\/\/hostnetart.com.br\/baixada\/coquetel-com-27-agrotoxicos-e-apenas-amostra-gratis-de-contaminacao-das-aguas\/"},"modified":"2019-04-25T18:27:25","modified_gmt":"2019-04-25T21:27:25","slug":"coquetel-com-27-agrotoxicos-e-apenas-amostra-gratis-de-contaminacao-das-aguas","status":"publish","type":"post","link":"https:\/\/hostnetart.com.br\/baixada\/coquetel-com-27-agrotoxicos-e-apenas-amostra-gratis-de-contaminacao-das-aguas\/","title":{"rendered":"&#8216;Coquetel&#8217; com 27 agrot\u00f3xicos \u00e9 apenas &#8216;amostra gr\u00e1tis&#8217; de contamina\u00e7\u00e3o das \u00e1guas"},"content":{"rendered":"<p class=\" \">A <a class=\"internal-link\" title=\"\" href=\"https:\/\/www.redebrasilatual.com.br\/saude\/2019\/04\/em-diadema-e-sao-bernardo-moradores-reclamam-da-agua-fornecida-pela-sabesp\" target=\"_blank\" rel=\"noopener noreferrer\">\u00e1gua consumida<\/a> pelos brasileiros pode estar contaminada por muito mais que 27 pesticidas identificados pelo Minist\u00e9rio da Sa\u00fade. O alerta \u00e9 da pesquisadora do departamento de Geografia da Universidade de S\u00e3o Paulo (USP) Larissa Mies Bombardi, autora do\u00a0<i>Atlas Geografia do Uso de Agrot\u00f3xicos no Brasil e Conex\u00f5es com a Uni\u00e3o Europeia<\/i>, em entrevista \u00e0 jornalista Marilu Caba\u00f1as, na\u00a0<b>R\u00e1dio Brasil Atual<\/b>.<\/p>\n<p class=\" \">Dados compilados e divulgados nesta semana pela ONG Rep\u00f3rter Brasil,\u00a0<i>Ag\u00eancia P\u00fablica<\/i>\u00a0e a organiza\u00e7\u00e3o su\u00ed\u00e7a Public Eye, com base em amostras das empresas de abastecimento de 1.396 munic\u00edpios, indicam que a <a class=\"internal-link\" title=\"\" href=\"https:\/\/www.redebrasilatual.com.br\/ambiente\/2019\/04\/agua-de-uma-a-cada-quatro-cidades-esta-contaminada-com-agrotoxicos\" target=\"_blank\" rel=\"noopener noreferrer\">\u00e1gua de uma a cada quatro cidades<\/a> est\u00e1 contamina por agrot\u00f3xicos.\u00a0Mas, como adverte Larissa, os 27 pesticidas foram encontrados apenas porque seu uso est\u00e1 condicionado por lei a testes obrigat\u00f3rios, desconsiderando, no entanto, a avalia\u00e7\u00e3o de outros tipos de agrot\u00f3xicos que<a class=\"internal-link\" title=\"\" href=\"https:\/\/www.redebrasilatual.com.br\/ambiente\/2019\/04\/governo-bolsonaro-abriu-as-portas-do-inferno-no-uso-de-agrotoxicos\" target=\"_blank\" rel=\"noopener noreferrer\"> t\u00eam utiliza\u00e7\u00e3o permitida no pa\u00eds<\/a>, um n\u00famero que chega a ser superior a 500. &#8220;H\u00e1 outros 400 e tantos agrot\u00f3xicos que sequer s\u00e3o investigados. \u00c9 algo mais grave do que a gente est\u00e1 vendo&#8221;, avalia a pesquisadora.\u00a0<\/p>\n<p class=\" \">Entre as <a class=\"internal-link\" title=\"\" href=\"https:\/\/www.redebrasilatual.com.br\/saude\/2019\/04\/em-santa-catarina-residuos-de-agrotoxicos-sao-encontrados-em-agua-para-abastecimento\" target=\"_blank\" rel=\"noopener noreferrer\">centenas de subst\u00e2ncias <\/a>que s\u00e3o deixadas de lado pela legisla\u00e7\u00e3o est\u00e1 o Acefato, um tipo de inseticida, proibido na Uni\u00e3o Europeia, mas que figura entre os 10 mais vendidos no Brasil, de acordo com Larissa.\u00a0&#8220;Ele pode estar presente (na \u00e1gua) e estar tudo certo, porque a legisla\u00e7\u00e3o n\u00e3o faz men\u00e7\u00e3o a essa subst\u00e2ncia&#8221;, descreve.<\/p>\n<p class=\" \">S\u00f3 entre os 27 agrot\u00f3xicos identificados, 16 s\u00e3o considerados altamente t\u00f3xicos e 11 est\u00e3o diretamente associados ao desenvolvimento de doen\u00e7as cr\u00f4nicas e disfun\u00e7\u00f5es hormonais e reprodutivas, ressaltando o <a class=\"internal-link\" title=\"\" href=\"https:\/\/www.redebrasilatual.com.br\/ambiente\/2019\/03\/agrotoxicos-contaminam-agua-consumida-por-506-familias-em-assentamento-no-norte-do-rj\" target=\"_blank\" rel=\"noopener noreferrer\">potencial ofensivo \u00e0 sa\u00fade e ao meio ambiente desse tipo de subst\u00e2ncia<\/a>.\u00a0&#8220;Isso, digamos, que \u00e9 uma amostra gr\u00e1tis da realidade que envolve a contamina\u00e7\u00e3o de \u00e1gua no Brasil&#8221;, destaca a pesquisadora.<\/p>\n<p class=\" \"><strong>Fonte: Rede Brasil Atual<\/strong><\/p>\n","protected":false},"excerpt":{"rendered":"<p>A \u00e1gua consumida pelos brasileiros pode estar contaminada por muito mais que 27 pesticidas identificados pelo Minist\u00e9rio da Sa\u00fade. O alerta \u00e9 da pesquisadora do departamento de Geografia da Universidade de S\u00e3o Paulo (USP) Larissa Mies Bombardi, autora do\u00a0Atlas Geografia do Uso de Agrot\u00f3xicos no Brasil e Conex\u00f5es com a Uni\u00e3o Europeia, em entrevista \u00e0 [&hellip;]<\/p>\n","protected":false},"author":2,"featured_media":6553,"comment_status":"","ping_status":"","sticky":false,"template":"","format":"standard","meta":{"footnotes":""},"categories":[3],"tags":[],"class_list":["post-6554","post","type-post","status-publish","format-standard","has-post-thumbnail","hentry","category-noticias"],"_links":{"self":[{"href":"https:\/\/hostnetart.com.br\/baixada\/wp-json\/wp\/v2\/posts\/6554","targetHints":{"allow":["GET"]}}],"collection":[{"href":"https:\/\/hostnetart.com.br\/baixada\/wp-json\/wp\/v2\/posts"}],"about":[{"href":"https:\/\/hostnetart.com.br\/baixada\/wp-json\/wp\/v2\/types\/post"}],"author":[{"embeddable":true,"href":"https:\/\/hostnetart.com.br\/baixada\/wp-json\/wp\/v2\/users\/2"}],"replies":[{"embeddable":true,"href":"https:\/\/hostnetart.com.br\/baixada\/wp-json\/wp\/v2\/comments?post=6554"}],"version-history":[{"count":0,"href":"https:\/\/hostnetart.com.br\/baixada\/wp-json\/wp\/v2\/posts\/6554\/revisions"}],"wp:featuredmedia":[{"embeddable":true,"href":"https:\/\/hostnetart.com.br\/baixada\/wp-json\/wp\/v2\/media\/6553"}],"wp:attachment":[{"href":"https:\/\/hostnetart.com.br\/baixada\/wp-json\/wp\/v2\/media?parent=6554"}],"wp:term":[{"taxonomy":"category","embeddable":true,"href":"https:\/\/hostnetart.com.br\/baixada\/wp-json\/wp\/v2\/categories?post=6554"},{"taxonomy":"post_tag","embeddable":true,"href":"https:\/\/hostnetart.com.br\/baixada\/wp-json\/wp\/v2\/tags?post=6554"}],"curies":[{"name":"wp","href":"https:\/\/api.w.org\/{rel}","templated":true}]}}