{"id":6552,"date":"2019-04-25T13:23:10","date_gmt":"2019-04-25T16:23:10","guid":{"rendered":"https:\/\/hostnetart.com.br\/baixada\/na-previa-de-abril-inflacao-sobe-ainda-mais-combustiveis-aumentam\/"},"modified":"2019-04-25T13:23:10","modified_gmt":"2019-04-25T16:23:10","slug":"na-previa-de-abril-inflacao-sobe-ainda-mais-combustiveis-aumentam","status":"publish","type":"post","link":"https:\/\/hostnetart.com.br\/baixada\/na-previa-de-abril-inflacao-sobe-ainda-mais-combustiveis-aumentam\/","title":{"rendered":"Na &#8216;pr\u00e9via&#8217; de abril, infla\u00e7\u00e3o sobe ainda mais. Combust\u00edveis aumentam"},"content":{"rendered":"<p>O\u00a0\u00cdndice Nacional de Pre\u00e7os ao Consumidor Amplo 15 (IPCA-15), &#8220;pr\u00e9via&#8221; da infla\u00e7\u00e3o oficial, variou 0,72% neste m\u00eas, na taxa mais alta para abril desde 2015. Em mar\u00e7o, a varia\u00e7\u00e3o foi de 0,54%. Com o resultado divulgado nesta quinta-feira (25) pelo IBGE, o IPCA soma 1,91% no ano. Em 12 meses, se aproxima dos 5%, atingindo 4,71%, bem acima do per\u00edodo imediatamente anterior (4,18%).<\/p>\n<p>Os combust\u00edveis puxaram o \u00edndice para cima: a alta foi de 3%, com destaque para a gasolina, 3,22%, que representou o maior impacto individual de abril (0,14 ponto percentual). Etanol (2,74%) e diesel (1,06%) tamb\u00e9m subiram. O IBGE apurou ainda eleva\u00e7\u00e3o de 1,04% na tarifa de \u00f4nibus urbanos, que teve reajuste em v\u00e1rias regi\u00f5es, assim como trem (3,05%) e metr\u00f4 (0,68%). Com isso, o grupo Transportes passou de 0,59%, em mar\u00e7o, para 1,31%.\u00a0<\/p>\n<p>O segundo maior impacto do m\u00eas, de 0,07 ponto, veio do tomate, que subiu 27,84%. Outros itens com alta, segundo o instituto, foram carnes (1,55%) e frutas (3,36%), cada qual contribuindo com 0,04 ponto para a taxa geral. A cebola passou de -0,34% para 13,44%, enquanto no caminho inverso a batata inglesa foi de 25,59% para 6,10% e feij\u00e3o carioca, de 41,44% a -2,38%. O grupo Alimenta\u00e7\u00e3o e Bebidas subiu menos (de 1,28% para 0,92%).<\/p>\n<p>Em Sa\u00fade e Cuidados Pessoais, a varia\u00e7\u00e3o foi de 1,13%, puxada pelo item higiene pessoal, com alta de 2,61% e impacto de 0,07 ponto percentual. Apenas os perfumes tiveram aumento de 6,94%, ante 0,49% no m\u00eas passado. Os rem\u00e9dios tamb\u00e9m subiram, 0,72%.<\/p>\n<p>Outro aumento foi do item energia el\u00e9trica: 0,58%, acima de mar\u00e7o (0,43%). O item encanado variou 0,84% e a taxa de \u00e1gua e esgoto, 0,47%. O grupo Habita\u00e7\u00e3o teve alta de 0,36%.\u00a0<\/p>\n<p>O \u00fanico grupo com defla\u00e7\u00e3o neste m\u00eas foi Comunica\u00e7\u00e3o (-0,05%), devido ao item telefone fixo (-0,29%). O correio teve alta de 2,19%.<\/p>\n<p>Entre as regi\u00f5es pesquisadas, oito das 11 \u00e1reas tiveram \u00edndices maiores em abril. O menor foi o de Goi\u00e2nia (-0,01%) e o maior, de Porto Alegre (1,27%). Na regi\u00e3o metropolitana de S\u00e3o Paulo, o IPCA-15 foi de 0,56% para 0,72%, acumulando 4,75% em 12 meses.<\/p>\n<p>O IPCA e o INPC de abril ser\u00e3o divulgados em 10 de maio.<\/p>\n<p><strong>Fonte: Rede Brasil Atual<\/strong><\/p>\n","protected":false},"excerpt":{"rendered":"<p>O\u00a0\u00cdndice Nacional de Pre\u00e7os ao Consumidor Amplo 15 (IPCA-15), &#8220;pr\u00e9via&#8221; da infla\u00e7\u00e3o oficial, variou 0,72% neste m\u00eas, na taxa mais alta para abril desde 2015. Em mar\u00e7o, a varia\u00e7\u00e3o foi de 0,54%. Com o resultado divulgado nesta quinta-feira (25) pelo IBGE, o IPCA soma 1,91% no ano. Em 12 meses, se aproxima dos 5%, atingindo [&hellip;]<\/p>\n","protected":false},"author":2,"featured_media":6551,"comment_status":"","ping_status":"","sticky":false,"template":"","format":"standard","meta":{"footnotes":""},"categories":[3],"tags":[],"class_list":["post-6552","post","type-post","status-publish","format-standard","has-post-thumbnail","hentry","category-noticias"],"_links":{"self":[{"href":"https:\/\/hostnetart.com.br\/baixada\/wp-json\/wp\/v2\/posts\/6552","targetHints":{"allow":["GET"]}}],"collection":[{"href":"https:\/\/hostnetart.com.br\/baixada\/wp-json\/wp\/v2\/posts"}],"about":[{"href":"https:\/\/hostnetart.com.br\/baixada\/wp-json\/wp\/v2\/types\/post"}],"author":[{"embeddable":true,"href":"https:\/\/hostnetart.com.br\/baixada\/wp-json\/wp\/v2\/users\/2"}],"replies":[{"embeddable":true,"href":"https:\/\/hostnetart.com.br\/baixada\/wp-json\/wp\/v2\/comments?post=6552"}],"version-history":[{"count":0,"href":"https:\/\/hostnetart.com.br\/baixada\/wp-json\/wp\/v2\/posts\/6552\/revisions"}],"wp:featuredmedia":[{"embeddable":true,"href":"https:\/\/hostnetart.com.br\/baixada\/wp-json\/wp\/v2\/media\/6551"}],"wp:attachment":[{"href":"https:\/\/hostnetart.com.br\/baixada\/wp-json\/wp\/v2\/media?parent=6552"}],"wp:term":[{"taxonomy":"category","embeddable":true,"href":"https:\/\/hostnetart.com.br\/baixada\/wp-json\/wp\/v2\/categories?post=6552"},{"taxonomy":"post_tag","embeddable":true,"href":"https:\/\/hostnetart.com.br\/baixada\/wp-json\/wp\/v2\/tags?post=6552"}],"curies":[{"name":"wp","href":"https:\/\/api.w.org\/{rel}","templated":true}]}}