{"id":655,"date":"2015-02-11T17:28:00","date_gmt":"2015-02-11T19:28:00","guid":{"rendered":"https:\/\/hostnetart.com.br\/baixada\/bancos-nao-terao-atendimento-ao-publico-na-segunda-e-terca-de-carnaval\/"},"modified":"2015-02-11T17:28:00","modified_gmt":"2015-02-11T19:28:00","slug":"bancos-nao-terao-atendimento-ao-publico-na-segunda-e-terca-de-carnaval","status":"publish","type":"post","link":"https:\/\/hostnetart.com.br\/baixada\/bancos-nao-terao-atendimento-ao-publico-na-segunda-e-terca-de-carnaval\/","title":{"rendered":"Bancos n\u00e3o ter\u00e3o atendimento ao p\u00fablico na segunda e ter\u00e7a de carnaval"},"content":{"rendered":"<p><span style=\"color: #464646;\">As ag\u00eancias banc\u00e1rias fechar\u00e3o as portas na segunda e ter\u00e7a-feira de carnaval, dias 16 e 17 de fevereiro. Na quarta-feira de cinzas, dia 18, os bancos abrir\u00e3o a partir do meio-dia. A informa\u00e7\u00e3o \u00e9 da Federa\u00e7\u00e3o Brasileira de Bancos (Febraban).<\/span><br style=\"color: #464646;\" \/><br style=\"color: #464646;\" \/><span style=\"color: #464646;\">No caso de contas a pagar, as que t\u00eam vencimento durante o feriad\u00e3o podem ser pagas no primeiro dia \u00fatil subsequente, ou seja, na quarta-feira de cinzas.\u00a0<\/span><br style=\"color: #464646;\" \/><br style=\"color: #464646;\" \/><span style=\"color: #464646;\">Fonte: Ag\u00eancia Brasil<\/span><\/p>\n","protected":false},"excerpt":{"rendered":"<p>As ag\u00eancias banc\u00e1rias fechar\u00e3o as portas na segunda e ter\u00e7a-feira de carnaval, dias 16 e 17 de fevereiro. Na quarta-feira de cinzas, dia 18, os bancos abrir\u00e3o a partir do meio-dia. A informa\u00e7\u00e3o \u00e9 da Federa\u00e7\u00e3o Brasileira de Bancos (Febraban).No caso de contas a pagar, as que t\u00eam vencimento durante o feriad\u00e3o podem ser pagas [&hellip;]<\/p>\n","protected":false},"author":1,"featured_media":0,"comment_status":"","ping_status":"","sticky":false,"template":"","format":"standard","meta":{"footnotes":""},"categories":[3],"tags":[],"class_list":["post-655","post","type-post","status-publish","format-standard","hentry","category-noticias"],"_links":{"self":[{"href":"https:\/\/hostnetart.com.br\/baixada\/wp-json\/wp\/v2\/posts\/655","targetHints":{"allow":["GET"]}}],"collection":[{"href":"https:\/\/hostnetart.com.br\/baixada\/wp-json\/wp\/v2\/posts"}],"about":[{"href":"https:\/\/hostnetart.com.br\/baixada\/wp-json\/wp\/v2\/types\/post"}],"author":[{"embeddable":true,"href":"https:\/\/hostnetart.com.br\/baixada\/wp-json\/wp\/v2\/users\/1"}],"replies":[{"embeddable":true,"href":"https:\/\/hostnetart.com.br\/baixada\/wp-json\/wp\/v2\/comments?post=655"}],"version-history":[{"count":0,"href":"https:\/\/hostnetart.com.br\/baixada\/wp-json\/wp\/v2\/posts\/655\/revisions"}],"wp:attachment":[{"href":"https:\/\/hostnetart.com.br\/baixada\/wp-json\/wp\/v2\/media?parent=655"}],"wp:term":[{"taxonomy":"category","embeddable":true,"href":"https:\/\/hostnetart.com.br\/baixada\/wp-json\/wp\/v2\/categories?post=655"},{"taxonomy":"post_tag","embeddable":true,"href":"https:\/\/hostnetart.com.br\/baixada\/wp-json\/wp\/v2\/tags?post=655"}],"curies":[{"name":"wp","href":"https:\/\/api.w.org\/{rel}","templated":true}]}}