{"id":6548,"date":"2019-04-25T13:19:59","date_gmt":"2019-04-25T16:19:59","guid":{"rendered":"https:\/\/hostnetart.com.br\/baixada\/bancarios-vaos-as-ruas-para-defender-a-caixa-100-publica\/"},"modified":"2019-04-25T13:19:59","modified_gmt":"2019-04-25T16:19:59","slug":"bancarios-vaos-as-ruas-para-defender-a-caixa-100-publica","status":"publish","type":"post","link":"https:\/\/hostnetart.com.br\/baixada\/bancarios-vaos-as-ruas-para-defender-a-caixa-100-publica\/","title":{"rendered":"Banc\u00e1rios v\u00e3os \u00e0s ruas para defender a Caixa 100% p\u00fablica"},"content":{"rendered":"<div class=\"elementor-element elementor-element-194680ec elementor-widget elementor-widget-theme-post-content\" data-id=\"194680ec\" data-element_type=\"widget\" data-widget_type=\"theme-post-content.default\">\n<div class=\"elementor-widget-container\">\n<p>Banc\u00e1rios de todo o pa\u00eds realizam na sexta-feira (26) um Dia Nacional de Luta em Defesa da Caixa. Em reuni\u00f5es com os empregados do banco nos postos de trabalho e atividades de rua com a popula\u00e7\u00e3o ser\u00e3o distribu\u00eddos <a href=\"https:\/\/www.fenae.org.br\/portal\/fenae-portal\/publicacoes-especiais\/\" target=\"_blank\" rel=\"noopener noreferrer\">materiais<\/a> de forma\u00e7\u00e3o e informa\u00e7\u00e3o sobre a import\u00e2ncia da manuten\u00e7\u00e3o do banco 100% p\u00fablico. O principal enfoque das atividades ser\u00e1 a luta contra a venda da Lotex, cujo <a href=\"https:\/\/contrafcut.com.br\/noticias\/empregados-vestem-preto-por-todo-o-brasil-contra-fatiamento-da-caixa\/\" target=\"_blank\" rel=\"noopener noreferrer\">leil\u00e3o foi adiado pela quinta vez<\/a>. Agora foi agendado para o dia 9 de maio.<\/p>\n<p>\u201cVamos deixar claro para os empregados e para a popula\u00e7\u00e3o que o leil\u00e3o da Lotex \u00e9 parte de um pacote que visa fragilizar a Caixa. A atual dire\u00e7\u00e3o do banco j\u00e1 afirmou que a Caixa \u00e9 <a href=\"http:\/\/spbancarios.com.br\/04\/2019\/caixa-de-indutora-do-desenvolvimento-puxa-fila-da-privatizacao\">\u2018<\/a><a href=\"http:\/\/spbancarios.com.br\/04\/2019\/caixa-de-indutora-do-desenvolvimento-puxa-fila-da-privatizacao\" target=\"_blank\" rel=\"noopener noreferrer\">puxa-fila das privatiza\u00e7\u00f5es<\/a><a href=\"http:\/\/spbancarios.com.br\/04\/2019\/caixa-de-indutora-do-desenvolvimento-puxa-fila-da-privatizacao\">\u2019<\/a>. Querem vender todos as opera\u00e7\u00f5es mais rent\u00e1veis para deix\u00e1-lo sem poder de a\u00e7\u00e3o e, nas palavras do ministro da Economia, pronto para a privatiza\u00e7\u00e3o\u201d, afirmou a dirigente e representante da Confedera\u00e7\u00e3o Nacional dos Trabalhadores do Ramo Financeiro (<a href=\"https:\/\/contrafcut.com.br\/\" target=\"_blank\" rel=\"noopener noreferrer\">Contraf-CUT<\/a>) na mesa de negocia\u00e7\u00f5es com a Caixa, Fabiana Proscholdt.<\/p>\n<p>A dirigente da Contraf-CUT disse tamb\u00e9m que as atividades t\u00eam o objetivo de mostrar os preju\u00edzos que a fragiliza\u00e7\u00e3o da Caixa pode causar \u00e0 sociedade e aos empregados.<\/p>\n<p>\u201cA fragiliza\u00e7\u00e3o \u00e9 o primeiro passo para a privatiza\u00e7\u00e3o. Isso significa a perda da estabilidade do emprego, mas, muito mais do que isso, significa que a popula\u00e7\u00e3o ser\u00e1 privada de servi\u00e7os banc\u00e1rios e de pol\u00edticas sociais na \u00e1rea da habita\u00e7\u00e3o, da educa\u00e7\u00e3o, do esporte e tantas outras que s\u00e3o realizadas com parte da arrecada\u00e7\u00e3o da Lotex\u201d, explicou Fabiana.<\/p>\n<p>\u201cAl\u00e9m disso, os bancos privados n\u00e3o t\u00eam interesse em prestar servi\u00e7os para popula\u00e7\u00e3o menos favorecida e tampouco se instalar em cidades e bairros afastados dos grandes centros comerciais e financeiros. Dias atr\u00e1s a imprensa divulgou que \u00e9 cada vez maior o n\u00famero de cidades sem ag\u00eancias banc\u00e1rias e mostrou os preju\u00edzos que isso traz para a popula\u00e7\u00e3o e para a economia dessas localidades\u201d, completou.<\/p>\n<figure class=\"wp-block-image\"><img decoding=\"async\" class=\"wp-image-269734 lazyloaded\" src=\"https:\/\/contrafcut.com.br\/wp-content\/uploads\/2019\/04\/ProcessoPrivatizacaoCaixa-1.jpg\" sizes=\"(max-width: 2505px) 100vw, 2505px\" srcset=\"https:\/\/contrafcut.com.br\/wp-content\/uploads\/2019\/04\/ProcessoPrivatizacaoCaixa-1.jpg 2505w, https:\/\/contrafcut.com.br\/wp-content\/uploads\/2019\/04\/ProcessoPrivatizacaoCaixa-1-372x230.jpg 372w, https:\/\/contrafcut.com.br\/wp-content\/uploads\/2019\/04\/ProcessoPrivatizacaoCaixa-1-768x474.jpg 768w\" alt=\"\" data-lazy-srcset=\"https:\/\/contrafcut.com.br\/wp-content\/uploads\/2019\/04\/ProcessoPrivatizacaoCaixa-1.jpg 2505w, https:\/\/contrafcut.com.br\/wp-content\/uploads\/2019\/04\/ProcessoPrivatizacaoCaixa-1-372x230.jpg 372w, https:\/\/contrafcut.com.br\/wp-content\/uploads\/2019\/04\/ProcessoPrivatizacaoCaixa-1-768x474.jpg 768w\" data-lazy-sizes=\"(max-width: 2505px) 100vw, 2505px\" data-lazy-src=\"https:\/\/contrafcut.com.br\/wp-content\/uploads\/2019\/04\/ProcessoPrivatizacaoCaixa-1.jpg\" data-was-processed=\"true\" \/><\/figure>\n<h3><strong>Intensifica\u00e7\u00e3o da luta<\/strong><\/h3>\n<p>O coordenador Comiss\u00e3o Executiva dos Empregados (CEE) da Caixa, Dion\u00edsio Siqueira, ressaltou que o processo de debates com os banc\u00e1rios da Caixa e a popula\u00e7\u00e3o sobre a defesa dos bancos p\u00fablicos ser\u00e1 intensificado a partir do dia 26, em prepara\u00e7\u00e3o do ambiente para o dia 9 de maio. \u201cTemos que mostrar a gravidade do desmonte e o fatiamento da Caixa. Al\u00e9m de ser uma importante fonte de financiamento do povo e do desenvolvimento do pa\u00eds, o banco \u00e9 o implementador e gestor de diversos programas e pol\u00edticas sociais do governo federal\u201d, disse.<\/p>\n<p>\u201cVamos refor\u00e7ar a resist\u00eancia e a luta em defesa do banco, que \u00e9 tamb\u00e9m a defesa da sociedade. Convidamos todos os empregados e toda a popula\u00e7\u00e3o a participar dessa mobiliza\u00e7\u00e3o. S\u00f3 a luta nos garante\u201d, concluiu.<\/p>\n<p>Do dia 29 (segunda-feira) at\u00e9 o dia 8 de maio, os banc\u00e1rios far\u00e3o atividades di\u00e1rias para denunciar o fatiamento da Caixa e o desmonte dos bancos e demais empresas p\u00fablicas. Tamb\u00e9m ser\u00e3o denunciados os ataques aos direitos dos trabalhadores, como os presentes na reforma da Previd\u00eancia proposta pelo governo Bolsonaro. (Podendo aliar com o abaixo assinado na defesa da Previd\u00eancia Social) e, no dia 9 de maio, data prevista para o leil\u00e3o da Lotex, realizar\u00e3o um novo Dia Nacional de Luta em Defesa da Caixa.<\/p>\n<h3><strong>Materiais a serem distribu\u00eddos<\/strong><\/h3>\n<p>Nas atividades, os banc\u00e1rios v\u00e3o distribuir um <a href=\"https:\/\/www.fenae.org.br\/publicacoes\/defesadacaixa\/\" target=\"_blank\" rel=\"noopener noreferrer\">panfleto<\/a> que denuncia a tentativa de privatiza\u00e7\u00e3o da Caixa e mostra a import\u00e2ncia do banco p\u00fablico para sociedade, al\u00e9m de uma <a href=\"https:\/\/www.fenae.org.br\/publicacoes\/naotemsentidoprivatizarloterias\/\" target=\"_blank\" rel=\"noopener noreferrer\">cartilha<\/a> com detalhes sobre as loterias da Caixa elaborados pela Federa\u00e7\u00e3o Nacional das Associa\u00e7\u00f5es de Pessoal da Caixa (Fenae) e pela Contraf-CUT.<\/p>\n<p>Em 2017, as loterias da Caixa arrecadaram quase R$ 13,9 bilh\u00f5es. Desse total, cerca de R$ 5,4 bilh\u00f5es foram transferidos aos programas sociais do governo federal relacionados \u00e0 seguridade social, \u00e0 educa\u00e7\u00e3o (Fundo de Financiamento Estudantil- Fies), ao esporte (Minist\u00e9rio do Esporte, Comit\u00ea Ol\u00edmpico Brasileiro, Comit\u00ea Paral\u00edmpico Brasileiro e clubes de futebol), \u00e0 cultura (Fundo Nacional da Cultura), \u00e0 seguran\u00e7a (Fundo Penitenci\u00e1rio Nacional) e \u00e0 sa\u00fade (Fundo Nacional de Sa\u00fade), o que corresponde a 37,1% do total arrecadado. Caso a Loteria Instant\u00e2nea seja privatizada, o repasse social dever\u00e1 ser reduzido para 16,7%.<\/p>\n<p>No ano passado, o Fies recebeu R$ 730 milh\u00f5es para financiamento de cursos superiores para estudantes, principalmente de fam\u00edlias de baixa renda. J\u00e1 para o Fundo Nacional de Cultura os repasses foram de aproximadamente R$ 387 milh\u00f5es.<\/p>\n<p>\u00a0<\/p>\n<p><strong>Fonte: Contraf-CUT<\/strong><\/p>\n<\/div>\n<\/div>\n","protected":false},"excerpt":{"rendered":"<p>Banc\u00e1rios de todo o pa\u00eds realizam na sexta-feira (26) um Dia Nacional de Luta em Defesa da Caixa. Em reuni\u00f5es com os empregados do banco nos postos de trabalho e atividades de rua com a popula\u00e7\u00e3o ser\u00e3o distribu\u00eddos materiais de forma\u00e7\u00e3o e informa\u00e7\u00e3o sobre a import\u00e2ncia da manuten\u00e7\u00e3o do banco 100% p\u00fablico. O principal enfoque [&hellip;]<\/p>\n","protected":false},"author":2,"featured_media":6547,"comment_status":"","ping_status":"","sticky":false,"template":"","format":"standard","meta":{"footnotes":""},"categories":[3],"tags":[],"class_list":["post-6548","post","type-post","status-publish","format-standard","has-post-thumbnail","hentry","category-noticias"],"_links":{"self":[{"href":"https:\/\/hostnetart.com.br\/baixada\/wp-json\/wp\/v2\/posts\/6548","targetHints":{"allow":["GET"]}}],"collection":[{"href":"https:\/\/hostnetart.com.br\/baixada\/wp-json\/wp\/v2\/posts"}],"about":[{"href":"https:\/\/hostnetart.com.br\/baixada\/wp-json\/wp\/v2\/types\/post"}],"author":[{"embeddable":true,"href":"https:\/\/hostnetart.com.br\/baixada\/wp-json\/wp\/v2\/users\/2"}],"replies":[{"embeddable":true,"href":"https:\/\/hostnetart.com.br\/baixada\/wp-json\/wp\/v2\/comments?post=6548"}],"version-history":[{"count":0,"href":"https:\/\/hostnetart.com.br\/baixada\/wp-json\/wp\/v2\/posts\/6548\/revisions"}],"wp:featuredmedia":[{"embeddable":true,"href":"https:\/\/hostnetart.com.br\/baixada\/wp-json\/wp\/v2\/media\/6547"}],"wp:attachment":[{"href":"https:\/\/hostnetart.com.br\/baixada\/wp-json\/wp\/v2\/media?parent=6548"}],"wp:term":[{"taxonomy":"category","embeddable":true,"href":"https:\/\/hostnetart.com.br\/baixada\/wp-json\/wp\/v2\/categories?post=6548"},{"taxonomy":"post_tag","embeddable":true,"href":"https:\/\/hostnetart.com.br\/baixada\/wp-json\/wp\/v2\/tags?post=6548"}],"curies":[{"name":"wp","href":"https:\/\/api.w.org\/{rel}","templated":true}]}}