{"id":6546,"date":"2019-04-24T15:22:31","date_gmt":"2019-04-24T18:22:31","guid":{"rendered":"https:\/\/hostnetart.com.br\/baixada\/emprego-formal-evapora-e-frustra-discurso-de-recuperacao\/"},"modified":"2019-04-24T15:22:31","modified_gmt":"2019-04-24T18:22:31","slug":"emprego-formal-evapora-e-frustra-discurso-de-recuperacao","status":"publish","type":"post","link":"https:\/\/hostnetart.com.br\/baixada\/emprego-formal-evapora-e-frustra-discurso-de-recuperacao\/","title":{"rendered":"Emprego formal evapora e frustra discurso de recupera\u00e7\u00e3o"},"content":{"rendered":"<p>O resultado do\u00a0<strong>emprego formal<\/strong>\u00a0para mar\u00e7o, com elimina\u00e7\u00e3o de 43.196 vagas (-0,11%), surpreendeu os chamados &#8220;analistas&#8221; e contrariou o discurso de recupera\u00e7\u00e3o da economia. Divulgado nesta quarta-feira (24) pelo Minist\u00e9rio da Economia, o Cadastro Geral de Empregados e Desempregados (<strong>Caged<\/strong>) teve o terceiro pior saldo para o m\u00eas na recente s\u00e9rie hist\u00f3rica. De t\u00e3o ruim, ganhou um trocadilho do jornal\u00a0<em>Valor Econ\u00f4mico<\/em>: &#8220;Traged&#8221;.<\/p>\n<p>Poucos setores tiveram resultado positivo em mar\u00e7o. O que segue crescendo \u00e9 o\u00a0<a class=\"internal-link\" title=\"\" href=\"https:\/\/www.redebrasilatual.com.br\/trabalho\/2019\/02\/problema-da-previdencia-esta-na-sonegacao-e-na-precarizacao-do-mercado-do-trabalho\" target=\"_blank\" rel=\"noopener noreferrer\">trabalho prec\u00e1rio<\/a>, simbolizado pelas modalidades intermitente e parcial, criadas com a &#8220;reforma&#8221; trabalhista \u2013 a mesma que traria milh\u00f5es de empregos, assim como se fala na propaganda da &#8220;reforma&#8221; da Previd\u00eancia. No m\u00eas passado, o trabalho intermitente criou 6.041 vagas e o parcial, 2.129.\u00a0<\/p>\n<p>Outra tend\u00eancia que se mant\u00e9m \u00e9 a redu\u00e7\u00e3o salarial. Pelos n\u00fameros do Caged, quem entra no mercado ganha menos do que recebiam os ex-empregados. Em mar\u00e7o, o sal\u00e1rio m\u00e9dio dos admitidos foi de R$ 1.571,58, enquanto o ganho m\u00e9dio dos demitidos era de R$ 1.706,37. Diferen\u00e7a, para menos, de aproximadamente 8%.<\/p>\n<p>O resultado do m\u00eas passado se concentrou no com\u00e9rcio, que eliminou 28.803 postos de trabalho formais, queda de 0,32%. O corte foi todo na \u00e1rea varejista, ligada ao consumo: menos 30.145. Houve pequena alta no atacado.<\/p>\n<p>A\u00a0agropecu\u00e1ria fechou 9.545 vagas, com a maior retra\u00e7\u00e3o em termos percentuais: -0,61%. A constru\u00e7\u00e3o cortou 7.781 (-0,39%), sendo mais de 5 mil no segmento de edif\u00edcios. Ind\u00fastria (-3.080, -0,04%) e servi\u00e7os (4.572, 0,03%) ficaram pr\u00f3ximos da estabilidade. A administra\u00e7\u00e3o p\u00fablica teve saldo de 1.575 (0,18%) e o setor extrativo-mineral, de 528 (0,27%).<\/p>\n<p>No primeiro trimestre de 2019, o saldo \u00e9 de 179.543, aumento de 0,47% no estoque, com altas na ind\u00fastria, na constru\u00e7\u00e3o, nos servi\u00e7os e na administra\u00e7\u00e3o p\u00fablica e retra\u00e7\u00e3o no com\u00e9rcio e na agropecu\u00e1ria. Em 12 meses, o emprego formal tem 472.117 vagas a mais (1,24%), concentrado no setor de servi\u00e7os (375.796). Com\u00e9rcio e constru\u00e7\u00e3o sobem, ind\u00fastria e administra\u00e7\u00e3o p\u00fablica caem. O estoque \u00e9 de 38,6 milh\u00f5es de postos de trabalho com carteira assinada. At\u00e9 quase o final de 2015, manteve-se acima de 40 milh\u00f5es, um patamar agora distante.<\/p>\n<p>\u00a0<\/p>\n<p><strong>Fonte: Rede Brasil Atual<\/strong><\/p>\n","protected":false},"excerpt":{"rendered":"<p>O resultado do\u00a0emprego formal\u00a0para mar\u00e7o, com elimina\u00e7\u00e3o de 43.196 vagas (-0,11%), surpreendeu os chamados &#8220;analistas&#8221; e contrariou o discurso de recupera\u00e7\u00e3o da economia. Divulgado nesta quarta-feira (24) pelo Minist\u00e9rio da Economia, o Cadastro Geral de Empregados e Desempregados (Caged) teve o terceiro pior saldo para o m\u00eas na recente s\u00e9rie hist\u00f3rica. De t\u00e3o ruim, ganhou [&hellip;]<\/p>\n","protected":false},"author":2,"featured_media":6545,"comment_status":"","ping_status":"","sticky":false,"template":"","format":"standard","meta":{"footnotes":""},"categories":[3],"tags":[],"class_list":["post-6546","post","type-post","status-publish","format-standard","has-post-thumbnail","hentry","category-noticias"],"_links":{"self":[{"href":"https:\/\/hostnetart.com.br\/baixada\/wp-json\/wp\/v2\/posts\/6546","targetHints":{"allow":["GET"]}}],"collection":[{"href":"https:\/\/hostnetart.com.br\/baixada\/wp-json\/wp\/v2\/posts"}],"about":[{"href":"https:\/\/hostnetart.com.br\/baixada\/wp-json\/wp\/v2\/types\/post"}],"author":[{"embeddable":true,"href":"https:\/\/hostnetart.com.br\/baixada\/wp-json\/wp\/v2\/users\/2"}],"replies":[{"embeddable":true,"href":"https:\/\/hostnetart.com.br\/baixada\/wp-json\/wp\/v2\/comments?post=6546"}],"version-history":[{"count":0,"href":"https:\/\/hostnetart.com.br\/baixada\/wp-json\/wp\/v2\/posts\/6546\/revisions"}],"wp:featuredmedia":[{"embeddable":true,"href":"https:\/\/hostnetart.com.br\/baixada\/wp-json\/wp\/v2\/media\/6545"}],"wp:attachment":[{"href":"https:\/\/hostnetart.com.br\/baixada\/wp-json\/wp\/v2\/media?parent=6546"}],"wp:term":[{"taxonomy":"category","embeddable":true,"href":"https:\/\/hostnetart.com.br\/baixada\/wp-json\/wp\/v2\/categories?post=6546"},{"taxonomy":"post_tag","embeddable":true,"href":"https:\/\/hostnetart.com.br\/baixada\/wp-json\/wp\/v2\/tags?post=6546"}],"curies":[{"name":"wp","href":"https:\/\/api.w.org\/{rel}","templated":true}]}}