{"id":6542,"date":"2019-04-24T14:58:16","date_gmt":"2019-04-24T17:58:16","guid":{"rendered":"https:\/\/hostnetart.com.br\/baixada\/contraf-cut-debate-minuta-de-seguranca-bancaria-com-a-fenaban\/"},"modified":"2019-04-24T14:58:16","modified_gmt":"2019-04-24T17:58:16","slug":"contraf-cut-debate-minuta-de-seguranca-bancaria-com-a-fenaban","status":"publish","type":"post","link":"https:\/\/hostnetart.com.br\/baixada\/contraf-cut-debate-minuta-de-seguranca-bancaria-com-a-fenaban\/","title":{"rendered":"Contraf-CUT debate minuta de seguran\u00e7a banc\u00e1ria com a Fenaban"},"content":{"rendered":"<p>A primeira reuni\u00e3o da Mesa Bipartite de Seguran\u00e7a Banc\u00e1ria de 2019, entre o Comando Nacional dos Banc\u00e1rios e a Federa\u00e7\u00e3o Nacional dos Bancos (Fenaban), foi realizada na tarde desta ter\u00e7a-feira (23), em S\u00e3o Paulo.<\/p>\n<p>Ivone Silva, presidenta do Sindicato dos Banc\u00e1rios de S\u00e3o Paulo e uma das coordenadoras do Comando Nacional, reafirmou que a atual minuta deve ser debatida para ter avan\u00e7os. \u201cMesmo que a gente possa ter diverg\u00eancias, n\u00f3s queremos construir e chegar a solu\u00e7\u00f5es efetivas que garantam a vida e a seguran\u00e7a dos banc\u00e1rios e dos clientes.\u201d<\/p>\n<p>Entre as principais reivindica\u00e7\u00f5es do movimento sindical esteve a instala\u00e7\u00e3o de portas autom\u00e1ticas em postos de atendimentos banc\u00e1rios (PABs) e ag\u00eancias de neg\u00f3cios, com caixas autom\u00e1tico e logo do banco, sem vigilantes. \u201cEsses locais acabam tendo a movimenta\u00e7\u00e3o de dinheiro, com dep\u00f3sito e saque nos caixas eletr\u00f4nicos, o que atraem a aten\u00e7\u00e3o de bandidos e colocam em risco a seguran\u00e7a dos trabalhadores no local\u201d, afirmou Elias Jord\u00e3o, coordenador do Coletivo Nacional de Seguran\u00e7a Banc\u00e1ria da Confedera\u00e7\u00e3o Nacional dos Trabalhadores do Ramo Financeiro (Contraf-CUT). \u201cOs locais com portas de seguran\u00e7a sofrem menos ataques dos que os que n\u00e3o tem. Por isso, a quest\u00e3o da porta de seguran\u00e7a \u00e9 um tema priorit\u00e1rio da nossa pauta. Vamos manter a press\u00e3o at\u00e9 que os bancos atendam nossa reivindica\u00e7\u00e3o.\u201d<\/p>\n<h3>Diferen\u00e7a de pesquisas<\/h3>\n<p>Durante a reuni\u00e3o ficou claro a diferen\u00e7a de metodologia de apura\u00e7\u00e3o de dados de viol\u00eancia banc\u00e1rias entre os lados. A nova\u00a0<a href=\"https:\/\/contrafcut.com.br\/noticias\/o-numero-de-ataques-a-agencias-bancarias-correspondentes-bancarios-correios-e-lotericas-subiu-3-em-2018\/\" target=\"_blank\" rel=\"noopener noreferrer\">Pesquisa Nacional de Ataques a Bancos<\/a>, realizada pela subsec\u00e7\u00e3o do Departamento Intersindical de Estat\u00edstica e Estudos Socioecon\u00f4micos (Dieese) na Contraf-CUT, foi apresentada. Na sequ\u00eancia, os bancos apresentaram os n\u00fameros de viol\u00eancia banc\u00e1ria tabulados por eles. O movimento sindical apontou que est\u00e1 bem distante da realidade e que o ideal seria os bancos passar os n\u00fameros deles para fazer parte do estudo dos banc\u00e1rios.<\/p>\n<h3>Projeto Piloto<\/h3>\n<p>O movimento sindical apresentou os n\u00fameros do\u00a0<a href=\"http:\/\/www.bancariospe.org.br\/noticiasapp.asp?codigo=15203#.XL-A8uhKjIU\" target=\"_blank\" rel=\"noopener noreferrer\">projeto-piloto<\/a>\u00a0realizado em Pernambuco e cobrou sua amplia\u00e7\u00e3o para outras cidades. \u201cO projeto piloto trouxe resultados muito positivos. N\u00e3o podemos deixar essas a\u00e7\u00f5es se perderem. Nosso objetivo \u00e9 que no futuro, todas as ag\u00eancias do pa\u00eds tenham essas iniciativas de seguran\u00e7a.\u201d<\/p>\n<p>A pr\u00f3xima reuni\u00e3o ficou marcada para o dia 26 de junho.<\/p>\n<p>\u00a0<\/p>\n<p><strong>Fonte: Contraf-CUT<\/strong><\/p>\n","protected":false},"excerpt":{"rendered":"<p>A primeira reuni\u00e3o da Mesa Bipartite de Seguran\u00e7a Banc\u00e1ria de 2019, entre o Comando Nacional dos Banc\u00e1rios e a Federa\u00e7\u00e3o Nacional dos Bancos (Fenaban), foi realizada na tarde desta ter\u00e7a-feira (23), em S\u00e3o Paulo. Ivone Silva, presidenta do Sindicato dos Banc\u00e1rios de S\u00e3o Paulo e uma das coordenadoras do Comando Nacional, reafirmou que a atual [&hellip;]<\/p>\n","protected":false},"author":2,"featured_media":6541,"comment_status":"","ping_status":"","sticky":false,"template":"","format":"standard","meta":{"footnotes":""},"categories":[3],"tags":[],"class_list":["post-6542","post","type-post","status-publish","format-standard","has-post-thumbnail","hentry","category-noticias"],"_links":{"self":[{"href":"https:\/\/hostnetart.com.br\/baixada\/wp-json\/wp\/v2\/posts\/6542","targetHints":{"allow":["GET"]}}],"collection":[{"href":"https:\/\/hostnetart.com.br\/baixada\/wp-json\/wp\/v2\/posts"}],"about":[{"href":"https:\/\/hostnetart.com.br\/baixada\/wp-json\/wp\/v2\/types\/post"}],"author":[{"embeddable":true,"href":"https:\/\/hostnetart.com.br\/baixada\/wp-json\/wp\/v2\/users\/2"}],"replies":[{"embeddable":true,"href":"https:\/\/hostnetart.com.br\/baixada\/wp-json\/wp\/v2\/comments?post=6542"}],"version-history":[{"count":0,"href":"https:\/\/hostnetart.com.br\/baixada\/wp-json\/wp\/v2\/posts\/6542\/revisions"}],"wp:featuredmedia":[{"embeddable":true,"href":"https:\/\/hostnetart.com.br\/baixada\/wp-json\/wp\/v2\/media\/6541"}],"wp:attachment":[{"href":"https:\/\/hostnetart.com.br\/baixada\/wp-json\/wp\/v2\/media?parent=6542"}],"wp:term":[{"taxonomy":"category","embeddable":true,"href":"https:\/\/hostnetart.com.br\/baixada\/wp-json\/wp\/v2\/categories?post=6542"},{"taxonomy":"post_tag","embeddable":true,"href":"https:\/\/hostnetart.com.br\/baixada\/wp-json\/wp\/v2\/tags?post=6542"}],"curies":[{"name":"wp","href":"https:\/\/api.w.org\/{rel}","templated":true}]}}