{"id":6540,"date":"2019-04-24T14:57:18","date_gmt":"2019-04-24T17:57:18","guid":{"rendered":"https:\/\/hostnetart.com.br\/baixada\/caixa-trt-julga-acao-de-contratacao-de-pcds\/"},"modified":"2019-04-24T14:57:18","modified_gmt":"2019-04-24T17:57:18","slug":"caixa-trt-julga-acao-de-contratacao-de-pcds","status":"publish","type":"post","link":"https:\/\/hostnetart.com.br\/baixada\/caixa-trt-julga-acao-de-contratacao-de-pcds\/","title":{"rendered":"Caixa: TRT julga a\u00e7\u00e3o de contrata\u00e7\u00e3o de PCDs"},"content":{"rendered":"<p>O Tribunal Regional do Trabalho (TRT) da 10\u00aa Regi\u00e3o julga, na quarta-feira (24), a A\u00e7\u00e3o Civil P\u00fablica (ACP) que exige a contrata\u00e7\u00e3o de pessoas com defici\u00eancia (PCD) pela Caixa Econ\u00f4mica Federal para que o banco se enquadre ao que determina a Lei 8.213\/91. A lei determina que, em empresas com mais de 1.000 empregados, 5% do quadro funcional seja de pessoas com defici\u00eancia ou reabilitados. A da Confedera\u00e7\u00e3o Nacional dos Trabalhadores do Ramo Financeiro (<a href=\"https:\/\/contrafcut.com.br\/\" target=\"_blank\" rel=\"noopener noreferrer\">Contraf-CUT<\/a>) e a Federa\u00e7\u00e3o Nacional das Associa\u00e7\u00f5es de Pessoal da Caixa (Fenae) s\u00e3o assistentes da a\u00e7\u00e3o.<\/p>\n<p>O banco foi condenado em Primeira Inst\u00e2ncia em agosto de 2017 a cumprir a referida norma, al\u00e9m de pagar indeniza\u00e7\u00e3o de R$ 1 milh\u00e3o por danos morais coletivos. O processo volta a julgamento em segunda inst\u00e2ncia ap\u00f3s suspens\u00e3o. Se a condena\u00e7\u00e3o for confirmada, o banco dever\u00e1 contratar pessoas com defici\u00eancia aprovadas no concurso p\u00fablico de 2014.<\/p>\n<p>\u201cDados da pr\u00f3pria Caixa mostram que o banco tem apenas 1,42% de trabalhadores com defici\u00eancia. Isso \u00e9 monos do que 1\/3 do exigido pela lei\u201d, disse o coordenador da Comiss\u00e3o Executiva de Empregados (CEE) da Caixa, Dion\u00edsio Reis.<\/p>\n<p>\u201cO banco precisa contratar, aproximadamente, 3.500 pessoas com defici\u00eancia \u00a0para cumprir o m\u00ednimo exigido em lei\u201d, completou a dirigente e representante da Contraf-CUT na CEE\/Caixa, Fabiana Proshcholdt.<\/p>\n<p>Segundo\u00a0<a href=\"https:\/\/www.fenae.org.br\/portal\/fenae-portal\/noticias\/pessoas-com-deficiencia-aprovadas-em-2014-acao-sera-julgada-nesta-quarta-feira-24.htm\" target=\"_blank\" rel=\"noopener noreferrer\">dados<\/a>\u00a0da Fenae, entre os aprovados do concurso de 2014, quase tr\u00eas mil s\u00e3o PCDs.<\/p>\n<p>Na senten\u00e7a de 2017, a ju\u00edza Maria Socorro Lobo destacou que a Caixa, enquanto se recusa a contratar concursados, adota a terceiriza\u00e7\u00e3o e fomenta a precariza\u00e7\u00e3o das rela\u00e7\u00f5es de emprego. \u201cA seara trilhada por candidatos portadores de defici\u00eancia na busca pela contrata\u00e7\u00e3o em tempos de raras ofertas de empregos \u00e9 \u00e1rdua, e quando uma institui\u00e7\u00e3o abre o certame provoca em tais pessoas a esperan\u00e7a de ter um emprego\u201d, fundamentou.<\/p>\n<p>\u00a0<\/p>\n<p><strong>Fonte: Contraf-CUT<\/strong><\/p>\n","protected":false},"excerpt":{"rendered":"<p>O Tribunal Regional do Trabalho (TRT) da 10\u00aa Regi\u00e3o julga, na quarta-feira (24), a A\u00e7\u00e3o Civil P\u00fablica (ACP) que exige a contrata\u00e7\u00e3o de pessoas com defici\u00eancia (PCD) pela Caixa Econ\u00f4mica Federal para que o banco se enquadre ao que determina a Lei 8.213\/91. A lei determina que, em empresas com mais de 1.000 empregados, 5% [&hellip;]<\/p>\n","protected":false},"author":2,"featured_media":6539,"comment_status":"","ping_status":"","sticky":false,"template":"","format":"standard","meta":{"footnotes":""},"categories":[3],"tags":[],"class_list":["post-6540","post","type-post","status-publish","format-standard","has-post-thumbnail","hentry","category-noticias"],"_links":{"self":[{"href":"https:\/\/hostnetart.com.br\/baixada\/wp-json\/wp\/v2\/posts\/6540","targetHints":{"allow":["GET"]}}],"collection":[{"href":"https:\/\/hostnetart.com.br\/baixada\/wp-json\/wp\/v2\/posts"}],"about":[{"href":"https:\/\/hostnetart.com.br\/baixada\/wp-json\/wp\/v2\/types\/post"}],"author":[{"embeddable":true,"href":"https:\/\/hostnetart.com.br\/baixada\/wp-json\/wp\/v2\/users\/2"}],"replies":[{"embeddable":true,"href":"https:\/\/hostnetart.com.br\/baixada\/wp-json\/wp\/v2\/comments?post=6540"}],"version-history":[{"count":0,"href":"https:\/\/hostnetart.com.br\/baixada\/wp-json\/wp\/v2\/posts\/6540\/revisions"}],"wp:featuredmedia":[{"embeddable":true,"href":"https:\/\/hostnetart.com.br\/baixada\/wp-json\/wp\/v2\/media\/6539"}],"wp:attachment":[{"href":"https:\/\/hostnetart.com.br\/baixada\/wp-json\/wp\/v2\/media?parent=6540"}],"wp:term":[{"taxonomy":"category","embeddable":true,"href":"https:\/\/hostnetart.com.br\/baixada\/wp-json\/wp\/v2\/categories?post=6540"},{"taxonomy":"post_tag","embeddable":true,"href":"https:\/\/hostnetart.com.br\/baixada\/wp-json\/wp\/v2\/tags?post=6540"}],"curies":[{"name":"wp","href":"https:\/\/api.w.org\/{rel}","templated":true}]}}