{"id":6538,"date":"2019-04-24T13:54:32","date_gmt":"2019-04-24T16:54:32","guid":{"rendered":"https:\/\/hostnetart.com.br\/baixada\/trabalhadores-querem-respostas-concretas-do-santander\/"},"modified":"2019-04-24T13:54:32","modified_gmt":"2019-04-24T16:54:32","slug":"trabalhadores-querem-respostas-concretas-do-santander","status":"publish","type":"post","link":"https:\/\/hostnetart.com.br\/baixada\/trabalhadores-querem-respostas-concretas-do-santander\/","title":{"rendered":"Trabalhadores querem respostas concretas do Santander"},"content":{"rendered":"<p>A Confedera\u00e7\u00e3o Nacional dos Trabalhadores do Ramo Financeiro (Contraf-CUT), por meio da Comiss\u00e3o de Organiza\u00e7\u00e3o dos Empregados (COE), e demais entidades de representa\u00e7\u00e3o dos trabalhadores se re\u00fanem com o banco Santander na Comit\u00ea de Rela\u00e7\u00e3o Trabalhistas (CRT) na pr\u00f3xima quinta-feira (25) para debater quest\u00f5es que afetam o dia a dia de trabalho e est\u00e3o pendentes de negocia\u00e7\u00e3o com o banco.<\/p>\n<p>O CRT \u00e9 uma conquista dos banc\u00e1rios do Santander prevista na cl\u00e1usula 35 do\u00a0<a href=\"https:\/\/contrafcut.com.br\/wp-content\/uploads\/2019\/04\/bco_santander_act_2018-2020.pdf?x43520\" target=\"_blank\" rel=\"noopener noreferrer\">Acordo Coletivo de Trabalho (ACT) espec\u00edfico do banco<\/a>, aditivo \u00e0\u00a0<a href=\"https:\/\/contrafcut.com.br\/wp-content\/uploads\/anexos\/convenios\/2b2f727bc33ea8bfb0c4ea349ed3bbea\/file\/cct-geral.PDF\" target=\"_blank\" rel=\"noopener noreferrer\">Conven\u00e7\u00e3o Coletiva de Trabalho (CCT)<\/a>. A CRT se re\u00fane a cada dois meses para tratar das quest\u00f5es de rela\u00e7\u00f5es trabalhistas.<\/p>\n<p>\u201cQueremos a solu\u00e7\u00e3o para quest\u00f5es que est\u00e3o pendentes, tanto para problemas espec\u00edficos enfrentados pelos trabalhadores em seu dia a dia, quanto para aquelas que nos ajudar\u00e3o na resolu\u00e7\u00e3o de quest\u00f5es gerais. O importante \u00e9 sairmos da reuni\u00e3o com a solu\u00e7\u00e3o\u201d, disse o secret\u00e1rio de Assuntos Socioecon\u00f4micos e representante da Contraf-CUT na mesa de negocia\u00e7\u00f5es com o Santander, Mario Raia.<\/p>\n<h3><strong>Hist\u00f3rico e pontos de pauta<\/strong><\/h3>\n<p>Os trabalhadores\u00a0<a href=\"https:\/\/contrafcut.com.br\/noticias\/santander-trabalhadores-cobram-canal-de-comunicacao-com-o-banco\/\" target=\"_blank\" rel=\"noopener noreferrer\">se reuniram<\/a>\u00a0com a vice-presidenta de RH do banco no dia 22 de mar\u00e7o e a reuni\u00e3o de quinta-feira s\u00f3 foi marcada ap\u00f3s envio de of\u00edcio \u00e0 vice-presid\u00eancia de RH do Santander e carta aberta \u00e0 presidenta executiva do conglomerado, Ana Bot\u00edn.<\/p>\n<p>Entre os temas abordados, est\u00e3o as press\u00f5es e amea\u00e7as de demiss\u00e3o contra os banc\u00e1rios que n\u00e3o obtiverem a certifica\u00e7\u00e3o CPA 10 at\u00e9 maio; unifica\u00e7\u00e3o de cargos; mudan\u00e7a da bandeira dos vales refei\u00e7\u00e3o e alimenta\u00e7\u00e3o; aumentos abusivos na mensalidade e coparticipa\u00e7\u00e3o do plano de sa\u00fade; retirada das portas girat\u00f3rias de ag\u00eancias.<\/p>\n<p>Os representantes dos trabalhadores tamb\u00e9m cobrar\u00e3o explica\u00e7\u00f5es sobre a poss\u00edvel abertura de ag\u00eancias nos finais de semana para educa\u00e7\u00e3o financeira e abertura de ag\u00eancias em shoppings centers. O presidente do Santander Brasil, S\u00e9rgio Rial, informou em v\u00eddeo a inten\u00e7\u00e3o que o banco tem de abrir as ag\u00eancias aos finais de semana.<\/p>\n<p>O valor do reajuste do valor de reembolso por quil\u00f4metro rodado com carro pr\u00f3prio; e problemas enfrentados pelos trabalhadores ap\u00f3s afastamento pelo INSS s\u00e3o outros pontos a serem discutidos.<\/p>\n<p><strong>Fonte:\u00a0Contraf-CUT, com\u00a0<a href=\"http:\/\/spbancarios.com.br\/04\/2019\/queremos-o-fim-dos-problemas-santander\" target=\"_blank\" rel=\"noopener noreferrer\">informa\u00e7\u00f5es do SPBanc\u00e1rios<\/a><\/strong><\/p>\n","protected":false},"excerpt":{"rendered":"<p>A Confedera\u00e7\u00e3o Nacional dos Trabalhadores do Ramo Financeiro (Contraf-CUT), por meio da Comiss\u00e3o de Organiza\u00e7\u00e3o dos Empregados (COE), e demais entidades de representa\u00e7\u00e3o dos trabalhadores se re\u00fanem com o banco Santander na Comit\u00ea de Rela\u00e7\u00e3o Trabalhistas (CRT) na pr\u00f3xima quinta-feira (25) para debater quest\u00f5es que afetam o dia a dia de trabalho e est\u00e3o pendentes [&hellip;]<\/p>\n","protected":false},"author":2,"featured_media":6537,"comment_status":"","ping_status":"","sticky":false,"template":"","format":"standard","meta":{"footnotes":""},"categories":[3],"tags":[],"class_list":["post-6538","post","type-post","status-publish","format-standard","has-post-thumbnail","hentry","category-noticias"],"_links":{"self":[{"href":"https:\/\/hostnetart.com.br\/baixada\/wp-json\/wp\/v2\/posts\/6538","targetHints":{"allow":["GET"]}}],"collection":[{"href":"https:\/\/hostnetart.com.br\/baixada\/wp-json\/wp\/v2\/posts"}],"about":[{"href":"https:\/\/hostnetart.com.br\/baixada\/wp-json\/wp\/v2\/types\/post"}],"author":[{"embeddable":true,"href":"https:\/\/hostnetart.com.br\/baixada\/wp-json\/wp\/v2\/users\/2"}],"replies":[{"embeddable":true,"href":"https:\/\/hostnetart.com.br\/baixada\/wp-json\/wp\/v2\/comments?post=6538"}],"version-history":[{"count":0,"href":"https:\/\/hostnetart.com.br\/baixada\/wp-json\/wp\/v2\/posts\/6538\/revisions"}],"wp:featuredmedia":[{"embeddable":true,"href":"https:\/\/hostnetart.com.br\/baixada\/wp-json\/wp\/v2\/media\/6537"}],"wp:attachment":[{"href":"https:\/\/hostnetart.com.br\/baixada\/wp-json\/wp\/v2\/media?parent=6538"}],"wp:term":[{"taxonomy":"category","embeddable":true,"href":"https:\/\/hostnetart.com.br\/baixada\/wp-json\/wp\/v2\/categories?post=6538"},{"taxonomy":"post_tag","embeddable":true,"href":"https:\/\/hostnetart.com.br\/baixada\/wp-json\/wp\/v2\/tags?post=6538"}],"curies":[{"name":"wp","href":"https:\/\/api.w.org\/{rel}","templated":true}]}}