{"id":6534,"date":"2019-04-24T13:52:21","date_gmt":"2019-04-24T16:52:21","guid":{"rendered":"https:\/\/hostnetart.com.br\/baixada\/bancarios-dao-importancia-aos-seus-sindicatos\/"},"modified":"2019-04-24T13:52:21","modified_gmt":"2019-04-24T16:52:21","slug":"bancarios-dao-importancia-aos-seus-sindicatos","status":"publish","type":"post","link":"https:\/\/hostnetart.com.br\/baixada\/bancarios-dao-importancia-aos-seus-sindicatos\/","title":{"rendered":"Banc\u00e1rios d\u00e3o import\u00e2ncia aos seus sindicatos"},"content":{"rendered":"<p>Os banc\u00e1rios s\u00e3o uma das categorias com o maior \u00edndice de sindicaliza\u00e7\u00e3o do Brasil. De acordo com o Cadastro Nacional de Entidades Sindicais (CNES) e com a Rela\u00e7\u00e3o Anual de Informa\u00e7\u00f5es Sociais (RAIS), ambos do Minist\u00e9rio do Trabalho e Emprego (MTE), a taxa de sindicaliza\u00e7\u00e3o entre os banc\u00e1rios \u00e9 de 64%.<\/p>\n<p>Toda essa for\u00e7a tem se mostrado presente num dos momentos de maior risco para o movimento sindical, devido a Medida Provis\u00f3ria 873\/2019. Desde que foi publicada no Di\u00e1rio Oficial da Uni\u00e3o, no dia 1\u00ba de mar\u00e7o, sexta-feira (v\u00e9spera de Carnaval), os banc\u00e1rios t\u00eam procurado seus sindicatos por todo o pa\u00eds para receber informa\u00e7\u00f5es sobre como efetuar o pagamento da mensalidade e outras contribui\u00e7\u00f5es.<\/p>\n<p>A MP 873 unifica todas as formas de receita sindical por meio de uma \u00fanica cobran\u00e7a; pro\u00edbe o desconto em folha de mensalidades e contribui\u00e7\u00f5es sindicais e determina que a autoriza\u00e7\u00e3o do desconto\/cobran\u00e7a da contribui\u00e7\u00e3o deve ser realizada de forma pr\u00e9via, volunt\u00e1ria e individual, tornando nulas as autoriza\u00e7\u00f5es definidas em assembleias, acordos e conven\u00e7\u00f5es coletivas ou por qualquer outro meio previsto em estatuto da entidade sindical.<\/p>\n<p>\u201cO governo editou essa\u00a0<a href=\"https:\/\/contrafcut.com.br\/noticias\/governo-edita-mp-para-acabar-com-sindicatos\/\" target=\"_blank\" rel=\"noopener noreferrer\">MP para tentar acabar<\/a>\u00a0com as organiza\u00e7\u00f5es que lutam em defesa dos trabalhadores. O objetivo \u00e9 evitar a resist\u00eancia \u00e0 aprova\u00e7\u00e3o da reforma da Previd\u00eancia, \u00e0 privatiza\u00e7\u00e3o dos bancos p\u00fablicos e de outras medidas que s\u00e3o extremamente prejudiciais \u00e0 classe trabalhadora\u201d, afirmou a presidenta da Confedera\u00e7\u00e3o Nacional dos Trabalhadores do Ramo Financeiro (Contraf-CUT), Juvandia Moreira. \u201cNenhuma lei pode retroagir para atacar contrato convencionado entre as partes. Se essa moda pega, nenhum acordo ter\u00e1 mais validade e qualquer cl\u00e1usula poder\u00e1 ser descumprida\u201d, completou.<\/p>\n<h3>Nossas conquistas n\u00e3o s\u00e3o poucas<\/h3>\n<p>Jornada de trabalho de seis horas, n\u00e3o trabalho aos s\u00e1bados, aux\u00edlio-creche, licen\u00e7a maternidade de seis meses, licen\u00e7a paternidade de vinte dias, Participa\u00e7\u00e3o nos Lucros e Resultados, t\u00edquete refei\u00e7\u00e3o e vale-cultura s\u00e3o apenas algumas das conquistas acumuladas pelos trabalhadores ao lado dos sindicatos.<\/p>\n<p>\u201cAs empresas e as entidades patronais\u00a0<a href=\"https:\/\/contrafcut.com.br\/linha-do-tempo\/\" target=\"_blank\" rel=\"noopener noreferrer\">n\u00e3o d\u00e3o nada de m\u00e3o beijada<\/a>. Tudo aquilo que chamam de benef\u00edcios s\u00e3o, na verdade, conquistas do movimento sindical. Os trabalhadores sabem que \u00e9 preciso haver uma estrutura, com t\u00e9cnicos e especialistas, para negociar com os bancos e defender seus direitos. Por isso, banc\u00e1rios de diversos cantos do pa\u00eds est\u00e3o procurando seus sindicatos para efetuar o pagamento das suas contribui\u00e7\u00f5es e sindicais\u201d, informou a presidenta da Contraf-CUT.<\/p>\n<p>\u201cOs avan\u00e7os que os banc\u00e1rios t\u00eam at\u00e9 hoje s\u00e3o fruto da mobiliza\u00e7\u00e3o e da luta de diversas gera\u00e7\u00f5es de trabalhadores, que se organizaram por meio do Sindicato\u201d, afirmou. \u201cMas \u00e9 fundamental dizer que essa batalha n\u00e3o \u00e9 apenas para a obten\u00e7\u00e3o de cl\u00e1usulas sociais e econ\u00f4micas asseguradas em nossa Conven\u00e7\u00e3o Coletiva de Trabalho (CCT) nacional. Essa mobiliza\u00e7\u00e3o tem sido essencial para assegurar a defesa da soberania nacional. J\u00e1 foi muito forte contra a ditadura e em outros momentos da nossa hist\u00f3ria e, agora, ser\u00e1 fundamental na defesa da nossa democracia\u201d, completou ela.<\/p>\n<p>Juvandia alerta, no entanto, que nunca foi t\u00e3o importante as pessoas intensificarem sua organiza\u00e7\u00e3o por meio do Sindicato para ampliar a resist\u00eancia aos ataques a direitos e ao patrim\u00f4nio p\u00fablico.<\/p>\n<h3>Vit\u00f3rias na Justi\u00e7a<\/h3>\n<p>A Justi\u00e7a, em diversos pontos do pa\u00eds, tem dado liminar obrigando o governo atrav\u00e9s dos bancos p\u00fablicos a cumprir a Conven\u00e7\u00e3o Coletiva e os Acordos Coletivos que preveem o desconto da mensalidade sindical. Outras categorias tamb\u00e9m t\u00eam obtido decis\u00f5es mantendo o desconto em folha.\u00a0<\/p>\n<p>A MP 873 pro\u00edbe o desconto em folha at\u00e9 das mensalidades de associa\u00e7\u00e3o sindical, que s\u00e3o autorizadas individualmente pelos trabalhadores. \u201c\u00c9 uma afronta ao princ\u00edpio de liberdade sindical. Infringe diretamente o direito de os trabalhadores decidirem sobre as formas de atua\u00e7\u00e3o e financiamento de suas entidades de representa\u00e7\u00e3o\u201d, critica Juvandia.<\/p>\n<h3>Desrespeito do negociado sobre o legislado<\/h3>\n<p>Para a presidenta da Contraf-CUT, \u00e9 um contrassenso querer impedir que sejam pagas as contribui\u00e7\u00f5es definidas em acordo coletivo. \u201cEles acabaram de aprovar uma reforma trabalhista que sobrep\u00f5e o negociado sobre o legislado. E agora uma Medida Provis\u00f3ria contrap\u00f5e isso. Essa \u00e9 mais uma mostra de que o que o governo quer, na verdade, \u00e9 acabar com as entidades sindicais e minar as formas de financiamento da luta contra as propostas que prejudicam os trabalhadores\u201d, disse.<\/p>\n<p><strong>Leia tamb\u00e9m:<\/strong><br \/><strong>&gt;<\/strong><em><a href=\"https:\/\/contrafcut.com.br\/linha-do-tempo\/\">Veja o hist\u00f3rico de lutas e conquistas da categoria<\/a><br \/><\/em><strong>&gt;<\/strong><em><a href=\"http:\/\/spbancarios.com.br\/04\/2019\/empregados-da-caixa-buscam-sindicato-para-contribuir-com-luta\">Empregados da Caixa buscam Sindicato para contribuir com a luta<\/a><br \/><\/em><strong>&gt;<\/strong><em><a href=\"https:\/\/contrafcut.com.br\/noticias\/ro-liminar-impede-tentativa-da-caixa-de-enfraquecer-sindicato\/\">RO: Liminar impede tentativa da Caixa de enfraquecer sindicato<\/a><\/em><strong>&gt;<\/strong><em><a href=\"https:\/\/contrafcut.com.br\/noticias\/governo-edita-mp-para-acabar-com-sindicatos\/\">Governo edita MP para acabar com sindicatos<\/a><br \/><\/em><strong>&gt;<\/strong><em><a href=\"https:\/\/contrafcut.com.br\/noticias\/mp-de-bolsonaro-e-um-grave-ataque-ao-direito-de-organizacao-dos-trabalhadores\/\">MP de Bolsonaro \u00e9 um grave ataque ao direito de organiza\u00e7\u00e3o dos trabalhadores<\/a><\/em><\/p>\n<p><span style=\"text-decoration: underline;\"><strong>Fonte:\u00a0Contraf-CUT<\/strong><\/span><\/p>\n","protected":false},"excerpt":{"rendered":"<p>Os banc\u00e1rios s\u00e3o uma das categorias com o maior \u00edndice de sindicaliza\u00e7\u00e3o do Brasil. De acordo com o Cadastro Nacional de Entidades Sindicais (CNES) e com a Rela\u00e7\u00e3o Anual de Informa\u00e7\u00f5es Sociais (RAIS), ambos do Minist\u00e9rio do Trabalho e Emprego (MTE), a taxa de sindicaliza\u00e7\u00e3o entre os banc\u00e1rios \u00e9 de 64%. Toda essa for\u00e7a tem [&hellip;]<\/p>\n","protected":false},"author":2,"featured_media":6533,"comment_status":"","ping_status":"","sticky":false,"template":"","format":"standard","meta":{"footnotes":""},"categories":[3],"tags":[],"class_list":["post-6534","post","type-post","status-publish","format-standard","has-post-thumbnail","hentry","category-noticias"],"_links":{"self":[{"href":"https:\/\/hostnetart.com.br\/baixada\/wp-json\/wp\/v2\/posts\/6534","targetHints":{"allow":["GET"]}}],"collection":[{"href":"https:\/\/hostnetart.com.br\/baixada\/wp-json\/wp\/v2\/posts"}],"about":[{"href":"https:\/\/hostnetart.com.br\/baixada\/wp-json\/wp\/v2\/types\/post"}],"author":[{"embeddable":true,"href":"https:\/\/hostnetart.com.br\/baixada\/wp-json\/wp\/v2\/users\/2"}],"replies":[{"embeddable":true,"href":"https:\/\/hostnetart.com.br\/baixada\/wp-json\/wp\/v2\/comments?post=6534"}],"version-history":[{"count":0,"href":"https:\/\/hostnetart.com.br\/baixada\/wp-json\/wp\/v2\/posts\/6534\/revisions"}],"wp:featuredmedia":[{"embeddable":true,"href":"https:\/\/hostnetart.com.br\/baixada\/wp-json\/wp\/v2\/media\/6533"}],"wp:attachment":[{"href":"https:\/\/hostnetart.com.br\/baixada\/wp-json\/wp\/v2\/media?parent=6534"}],"wp:term":[{"taxonomy":"category","embeddable":true,"href":"https:\/\/hostnetart.com.br\/baixada\/wp-json\/wp\/v2\/categories?post=6534"},{"taxonomy":"post_tag","embeddable":true,"href":"https:\/\/hostnetart.com.br\/baixada\/wp-json\/wp\/v2\/tags?post=6534"}],"curies":[{"name":"wp","href":"https:\/\/api.w.org\/{rel}","templated":true}]}}