{"id":6522,"date":"2019-04-18T14:07:34","date_gmt":"2019-04-18T17:07:34","guid":{"rendered":"https:\/\/hostnetart.com.br\/baixada\/a-cada-hora-oito-pessoas-desaparecem-no-brasil\/"},"modified":"2019-04-18T14:07:34","modified_gmt":"2019-04-18T17:07:34","slug":"a-cada-hora-oito-pessoas-desaparecem-no-brasil","status":"publish","type":"post","link":"https:\/\/hostnetart.com.br\/baixada\/a-cada-hora-oito-pessoas-desaparecem-no-brasil\/","title":{"rendered":"A cada hora, oito pessoas desaparecem no Brasil"},"content":{"rendered":"<p class=\" \">Pelo menos oito pessoas desaparecem por hora no Brasil, de acordo com dados do F\u00f3rum Brasileiro de Seguran\u00e7a P\u00fablica para uma pesquisa do Comit\u00ea Internacional da Cruz Vermelha. O levantamento mostra que, entre 2007 a 2016, 693.076 boletins de ocorr\u00eancia registraram o sumi\u00e7o de pessoas, uma m\u00e9dia de 190 por dia.<\/p>\n<p class=\" \">O estado de S\u00e3o Paulo lidera as estat\u00edsticas do per\u00edodo, com cerca de 242 mil desaparecimentos. Na avalia\u00e7\u00e3o da presidenta da ONG M\u00e3es da S\u00e9, Ivanize Santos, o quadro, al\u00e9m de preocupante, \u00e9 resultado direto do descaso com que s\u00e3o tratados os casos pelas esferas governamentais. &#8220;N\u00f3s vivemos no estado mais rico da federa\u00e7\u00e3o e que n\u00e3o tem pol\u00edticas p\u00fablicas voltadas para o amparo \u00e0s fam\u00edlias que perderam um ente querido por desaparecimento&#8221;, afirma Ivanize, em entrevista ao\u00a0<i>Seu Jornal<\/i>, da\u00a0<b>TVT\u00a0<\/b>(v\u00eddeo abaixo).<\/p>\n<p class=\" \">H\u00e1 23 anos na luta pela causa, desde que sua filha, ent\u00e3o com 13 anos, desapareceu, Ivanize cobra do poder p\u00fablico o cumprimento da legisla\u00e7\u00e3o definida, por exemplo, pelo Estatuto da Crian\u00e7a e do Adolescente (ECA) que, no artigo 87, atribui ao munic\u00edpio a responsabilidade de criar mecanismos para a localiza\u00e7\u00e3o de jovens desaparecidos. &#8220;Quem \u00e9 que sai prejudicado com essa aus\u00eancia, abandono e neglig\u00eancia? Somos n\u00f3s&#8221;, lamenta a presidenta da ONG M\u00e3es da S\u00e9.<\/p>\n<p class=\" \">Em 2017, o ano terminou com\u00a0<a class=\"internal-link\" title=\"\" href=\"https:\/\/www.redebrasilatual.com.br\/retrospectiva-2018\/cidadania\/luto-sem-fim-brasil-tem-mais-de-80-mil-pessoas-desaparecidas\" target=\"_blank\" rel=\"noopener noreferrer\">82.684 registros de desaparecimentos<\/a>, de acordo com o Anu\u00e1rio Brasileiro de Seguran\u00e7a P\u00fablica \u2013 naquele ano a m\u00e9dia foi de 226 desaparecimentos por dia no pa\u00eds.<\/p>\n<p class=\" \">\u00a0<\/p>\n<p class=\" \"><strong>Fonte: Rede Brasil Atual<\/strong><\/p>\n","protected":false},"excerpt":{"rendered":"<p>Pelo menos oito pessoas desaparecem por hora no Brasil, de acordo com dados do F\u00f3rum Brasileiro de Seguran\u00e7a P\u00fablica para uma pesquisa do Comit\u00ea Internacional da Cruz Vermelha. O levantamento mostra que, entre 2007 a 2016, 693.076 boletins de ocorr\u00eancia registraram o sumi\u00e7o de pessoas, uma m\u00e9dia de 190 por dia. O estado de S\u00e3o [&hellip;]<\/p>\n","protected":false},"author":2,"featured_media":6521,"comment_status":"","ping_status":"","sticky":false,"template":"","format":"standard","meta":{"footnotes":""},"categories":[3],"tags":[],"class_list":["post-6522","post","type-post","status-publish","format-standard","has-post-thumbnail","hentry","category-noticias"],"_links":{"self":[{"href":"https:\/\/hostnetart.com.br\/baixada\/wp-json\/wp\/v2\/posts\/6522","targetHints":{"allow":["GET"]}}],"collection":[{"href":"https:\/\/hostnetart.com.br\/baixada\/wp-json\/wp\/v2\/posts"}],"about":[{"href":"https:\/\/hostnetart.com.br\/baixada\/wp-json\/wp\/v2\/types\/post"}],"author":[{"embeddable":true,"href":"https:\/\/hostnetart.com.br\/baixada\/wp-json\/wp\/v2\/users\/2"}],"replies":[{"embeddable":true,"href":"https:\/\/hostnetart.com.br\/baixada\/wp-json\/wp\/v2\/comments?post=6522"}],"version-history":[{"count":0,"href":"https:\/\/hostnetart.com.br\/baixada\/wp-json\/wp\/v2\/posts\/6522\/revisions"}],"wp:featuredmedia":[{"embeddable":true,"href":"https:\/\/hostnetart.com.br\/baixada\/wp-json\/wp\/v2\/media\/6521"}],"wp:attachment":[{"href":"https:\/\/hostnetart.com.br\/baixada\/wp-json\/wp\/v2\/media?parent=6522"}],"wp:term":[{"taxonomy":"category","embeddable":true,"href":"https:\/\/hostnetart.com.br\/baixada\/wp-json\/wp\/v2\/categories?post=6522"},{"taxonomy":"post_tag","embeddable":true,"href":"https:\/\/hostnetart.com.br\/baixada\/wp-json\/wp\/v2\/tags?post=6522"}],"curies":[{"name":"wp","href":"https:\/\/api.w.org\/{rel}","templated":true}]}}