{"id":6518,"date":"2019-04-18T14:04:37","date_gmt":"2019-04-18T17:04:37","guid":{"rendered":"https:\/\/hostnetart.com.br\/baixada\/economia-nao-reage-e-registra-retracao-de-0-4-em-fevereiro\/"},"modified":"2019-04-18T14:04:37","modified_gmt":"2019-04-18T17:04:37","slug":"economia-nao-reage-e-registra-retracao-de-0-4-em-fevereiro","status":"publish","type":"post","link":"https:\/\/hostnetart.com.br\/baixada\/economia-nao-reage-e-registra-retracao-de-0-4-em-fevereiro\/","title":{"rendered":"Economia n\u00e3o reage e registra retra\u00e7\u00e3o de 0,4% em fevereiro"},"content":{"rendered":"<p class=\" \">A economia brasileira sofreu uma queda no m\u00eas de fevereiro, de acordo com\u00a0<a class=\"external-link\" title=\"\" href=\"https:\/\/portalibre.fgv.br\/data\/files\/F1\/67\/DF\/FA\/1DA2A610CABD1A968904CBA8\/Monitor%20do%20PIB-FGV%20-%20Abril%20de%202019%20-%20Ref.%20de%20fevereiro.pdf\" target=\"_blank\" rel=\"noopener noreferrer\">Monitor\u00a0<strong>PIB<\/strong><\/a>(Produto Interno Bruto), calculado pela Funda\u00e7\u00e3o Get\u00falio Vargas (FGV), que apontou uma retra\u00e7\u00e3o, neste segundo m\u00eas do ano de -0,4%, ante 0,3% registrado em janeiro pela s\u00e9rie mensal sobre o PIB do pa\u00eds.<\/p>\n<p class=\" \">Em entrevista \u00e0 jornalista Marilu Caba\u00f1as, na\u00a0<b>R\u00e1dio Brasil Atual<\/b>, o diretor t\u00e9cnico do\u00a0<strong>Dieese<\/strong>, Clemente Ganz L\u00facio, ressalta que, no geral, a recupera\u00e7\u00e3o econ\u00f4mica ainda est\u00e1 muito aqu\u00e9m do projetado para o per\u00edodo e assim deve continuar diante da gest\u00e3o de Jair Bolsonaro.\u00a0<\/p>\n<p class=\" \">&#8220;A pol\u00edtica econ\u00f4mica do governo n\u00e3o indica iniciativas no sentido de animar e ativar o processo produtivo, e n\u00f3s temos um travamento estrutural na economia, que patina, anda de lado e, talvez, 2019 seja mais um ano de baixo crescimento&#8221;, avalia Clemente ao descrever o cen\u00e1rio brasileiro, com\u00a0<a class=\"internal-link\" title=\"\" href=\"https:\/\/www.redebrasilatual.com.br\/economia\/2019\/03\/desemprego-segue-alto-desalento-e-exclusao-do-mercado-batem-erecorde-1\" target=\"_blank\" rel=\"noopener noreferrer\">desemprego elevado<\/a>\u00a0e baixas no investimento e no poder de consumo das fam\u00edlias brasileiras.<\/p>\n<p class=\" \">Nesta semana, uma pesquisa da consultoria Kantar e o \u00edndice de Atividade Econ\u00f4mica (IBC-Br) do Banco Central (BC) mostraram tamb\u00e9m\u00a0<a class=\"internal-link\" title=\"\" href=\"https:\/\/www.redebrasilatual.com.br\/economia\/2019\/04\/queda-recorde-no-consumo-e-recuo-da-economia-dao-indicativos-do-governo-bolsonaro\" target=\"_blank\" rel=\"noopener noreferrer\">resultados negativos nos primeiros meses do governo Bolsonaro<\/a>. &#8220;\u00c9 prov\u00e1vel que a sucess\u00e3o de ajustes, cortes, arrochos na Previd\u00eancia, tudo isso s\u00f3 desanime a capacidade da economia de sustentar o crescimento&#8221;, adverte o\u00a0analista sobre agenda ultraliberal da gest\u00e3o Bolsonaro.<\/p>\n<p class=\" \">\u00a0<\/p>\n<p class=\" \"><span style=\"text-decoration: underline;\"><strong>Fonte: Rede Brasil Atual<\/strong><\/span><\/p>\n","protected":false},"excerpt":{"rendered":"<p>A economia brasileira sofreu uma queda no m\u00eas de fevereiro, de acordo com\u00a0Monitor\u00a0PIB(Produto Interno Bruto), calculado pela Funda\u00e7\u00e3o Get\u00falio Vargas (FGV), que apontou uma retra\u00e7\u00e3o, neste segundo m\u00eas do ano de -0,4%, ante 0,3% registrado em janeiro pela s\u00e9rie mensal sobre o PIB do pa\u00eds. Em entrevista \u00e0 jornalista Marilu Caba\u00f1as, na\u00a0R\u00e1dio Brasil Atual, o [&hellip;]<\/p>\n","protected":false},"author":2,"featured_media":6517,"comment_status":"","ping_status":"","sticky":false,"template":"","format":"standard","meta":{"footnotes":""},"categories":[3],"tags":[],"class_list":["post-6518","post","type-post","status-publish","format-standard","has-post-thumbnail","hentry","category-noticias"],"_links":{"self":[{"href":"https:\/\/hostnetart.com.br\/baixada\/wp-json\/wp\/v2\/posts\/6518","targetHints":{"allow":["GET"]}}],"collection":[{"href":"https:\/\/hostnetart.com.br\/baixada\/wp-json\/wp\/v2\/posts"}],"about":[{"href":"https:\/\/hostnetart.com.br\/baixada\/wp-json\/wp\/v2\/types\/post"}],"author":[{"embeddable":true,"href":"https:\/\/hostnetart.com.br\/baixada\/wp-json\/wp\/v2\/users\/2"}],"replies":[{"embeddable":true,"href":"https:\/\/hostnetart.com.br\/baixada\/wp-json\/wp\/v2\/comments?post=6518"}],"version-history":[{"count":0,"href":"https:\/\/hostnetart.com.br\/baixada\/wp-json\/wp\/v2\/posts\/6518\/revisions"}],"wp:featuredmedia":[{"embeddable":true,"href":"https:\/\/hostnetart.com.br\/baixada\/wp-json\/wp\/v2\/media\/6517"}],"wp:attachment":[{"href":"https:\/\/hostnetart.com.br\/baixada\/wp-json\/wp\/v2\/media?parent=6518"}],"wp:term":[{"taxonomy":"category","embeddable":true,"href":"https:\/\/hostnetart.com.br\/baixada\/wp-json\/wp\/v2\/categories?post=6518"},{"taxonomy":"post_tag","embeddable":true,"href":"https:\/\/hostnetart.com.br\/baixada\/wp-json\/wp\/v2\/tags?post=6518"}],"curies":[{"name":"wp","href":"https:\/\/api.w.org\/{rel}","templated":true}]}}