{"id":6516,"date":"2019-04-17T19:46:47","date_gmt":"2019-04-17T22:46:47","guid":{"rendered":"https:\/\/hostnetart.com.br\/baixada\/votacao-da-reforma-da-previdencia-e-adiada-para-terca-feira\/"},"modified":"2019-04-17T19:46:47","modified_gmt":"2019-04-17T22:46:47","slug":"votacao-da-reforma-da-previdencia-e-adiada-para-terca-feira","status":"publish","type":"post","link":"https:\/\/hostnetart.com.br\/baixada\/votacao-da-reforma-da-previdencia-e-adiada-para-terca-feira\/","title":{"rendered":"Vota\u00e7\u00e3o da reforma da Previd\u00eancia \u00e9 adiada para ter\u00e7a-feira"},"content":{"rendered":"<p>A expectativa de que a Comiss\u00e3o de Constitui\u00e7\u00e3o e Justi\u00e7a e de Cidadania (<strong>CCJ<\/strong>) da\u00a0<strong>C\u00e2mara dos Deputados<\/strong>\u00a0votasse o relat\u00f3rio da\u00a0<strong>PEC 6\/2019<\/strong>, que trata da\u00a0<strong>reforma da Previd\u00eancia<\/strong>, nesta quarta-feira (17), n\u00e3o se confirmou. O pr\u00f3prio relator, deputado Delegado Marcelo Freitas (PSL-MG), explicou que, diante da complexidade dos temas envolvidos, seria necess\u00e1ria mais uma sess\u00e3o. A vota\u00e7\u00e3o foi remarcada para ter\u00e7a-feira (23).<\/p>\n<p>\u201cTemos buscado o consenso, um texto que atenda aos interesses da popula\u00e7\u00e3o brasileira. Diversos temas, que apresentam maior complexidade,\u00a0foram trazidos pelos deputados e exigem deste relator uma an\u00e1lise mais pormenorizada\u201d, disse\u00a0o presidente da CCJ, Felipe Francischini (PSL-PR).<\/p>\n<p>Segundo ele, o adiamento atendeu a solicita\u00e7\u00f5es de \u201cmuitos l\u00edderes\u201d. \u201cTodos pediram que possam haver reuni\u00f5es (na tarde de hoje) para proceder modifica\u00e7\u00f5es, se \u00e9 que vai haver modifica\u00e7\u00f5es.\u201d<\/p>\n<p>Francischini esclareceu ainda ter \u201couvido falar\u201d que o presidente da C\u00e2mara, Rodrigo Maia (DEM-RJ), s\u00f3 marcaria o in\u00edcio dos trabalhos da comiss\u00e3o especial (para onde o texto ir\u00e1 ap\u00f3s passar pela CCJ) para o dia 7. \u201cEnt\u00e3o n\u00e3o h\u00e1 nenhum preju\u00edzo em conceder essa quest\u00e3o a pedido dos l\u00edderes e do relator, para que o relat\u00f3rio possa ser costurado da melhor maneira poss\u00edvel\u201d, concluiu.<\/p>\n<p>Deputados da oposi\u00e7\u00e3o comemoraram. \u201cVit\u00f3ria! Conseguimos passar a aprecia\u00e7\u00e3o do novo parecer da Reforma da Previd\u00eancia pra pr\u00f3xima ter\u00e7a!\u201d, postou a deputada Jandira Feghali (PCdoB-RJ) no Twitter.\u00a0<\/p>\n<p>\u201cA oposi\u00e7\u00e3o \u00e9 firme e vence. O\u00a0<a href=\"https:\/\/www.redebrasilatual.com.br\/trabalho\/2019\/04\/centrais-repudiam-relator-da-pec-da-previdencia-desmantelamento\">governo Bolsonaro \u00e9 da maldade<\/a>\u00a0e da incompet\u00eancia\u201d, escreveu Maria do Ros\u00e1rio (PT-RS).<\/p>\n<p>Na sess\u00e3o desta ter\u00e7a (16), que durou cerca de 12 horas, a oposi\u00e7\u00e3o atuou em bloco e apresentou 24 requerimentos de obstru\u00e7\u00e3o para adiar a vota\u00e7\u00e3o da reforma na CCJ.<\/p>\n<p><strong>Fonte:\u00a0Rede Brasil Atual<\/strong><\/p>\n","protected":false},"excerpt":{"rendered":"<p>A expectativa de que a Comiss\u00e3o de Constitui\u00e7\u00e3o e Justi\u00e7a e de Cidadania (CCJ) da\u00a0C\u00e2mara dos Deputados\u00a0votasse o relat\u00f3rio da\u00a0PEC 6\/2019, que trata da\u00a0reforma da Previd\u00eancia, nesta quarta-feira (17), n\u00e3o se confirmou. O pr\u00f3prio relator, deputado Delegado Marcelo Freitas (PSL-MG), explicou que, diante da complexidade dos temas envolvidos, seria necess\u00e1ria mais uma sess\u00e3o. A vota\u00e7\u00e3o [&hellip;]<\/p>\n","protected":false},"author":2,"featured_media":6515,"comment_status":"","ping_status":"","sticky":false,"template":"","format":"standard","meta":{"footnotes":""},"categories":[3],"tags":[],"class_list":["post-6516","post","type-post","status-publish","format-standard","has-post-thumbnail","hentry","category-noticias"],"_links":{"self":[{"href":"https:\/\/hostnetart.com.br\/baixada\/wp-json\/wp\/v2\/posts\/6516","targetHints":{"allow":["GET"]}}],"collection":[{"href":"https:\/\/hostnetart.com.br\/baixada\/wp-json\/wp\/v2\/posts"}],"about":[{"href":"https:\/\/hostnetart.com.br\/baixada\/wp-json\/wp\/v2\/types\/post"}],"author":[{"embeddable":true,"href":"https:\/\/hostnetart.com.br\/baixada\/wp-json\/wp\/v2\/users\/2"}],"replies":[{"embeddable":true,"href":"https:\/\/hostnetart.com.br\/baixada\/wp-json\/wp\/v2\/comments?post=6516"}],"version-history":[{"count":0,"href":"https:\/\/hostnetart.com.br\/baixada\/wp-json\/wp\/v2\/posts\/6516\/revisions"}],"wp:featuredmedia":[{"embeddable":true,"href":"https:\/\/hostnetart.com.br\/baixada\/wp-json\/wp\/v2\/media\/6515"}],"wp:attachment":[{"href":"https:\/\/hostnetart.com.br\/baixada\/wp-json\/wp\/v2\/media?parent=6516"}],"wp:term":[{"taxonomy":"category","embeddable":true,"href":"https:\/\/hostnetart.com.br\/baixada\/wp-json\/wp\/v2\/categories?post=6516"},{"taxonomy":"post_tag","embeddable":true,"href":"https:\/\/hostnetart.com.br\/baixada\/wp-json\/wp\/v2\/tags?post=6516"}],"curies":[{"name":"wp","href":"https:\/\/api.w.org\/{rel}","templated":true}]}}