{"id":6514,"date":"2019-04-17T18:16:32","date_gmt":"2019-04-17T21:16:32","guid":{"rendered":"https:\/\/hostnetart.com.br\/baixada\/fim-do-horario-de-verao-vai-no-sentido-oposto-ao-da-crise-ecologica-mundial\/"},"modified":"2019-04-17T18:16:32","modified_gmt":"2019-04-17T21:16:32","slug":"fim-do-horario-de-verao-vai-no-sentido-oposto-ao-da-crise-ecologica-mundial","status":"publish","type":"post","link":"https:\/\/hostnetart.com.br\/baixada\/fim-do-horario-de-verao-vai-no-sentido-oposto-ao-da-crise-ecologica-mundial\/","title":{"rendered":"Fim do hor\u00e1rio de ver\u00e3o vai no sentido oposto ao da crise ecol\u00f3gica mundial"},"content":{"rendered":"<p>Anunciado pelo presidente Jair\u00a0<strong>Bolsonaro<\/strong>(PSL), o\u00a0<strong>fim do hor\u00e1rio de ver\u00e3o<\/strong>\u00a0deve n\u00e3o apenas deixar de economizar energia como vai em sentido contr\u00e1rio aos necess\u00e1rios esfor\u00e7os ambientais. A avalia\u00e7\u00e3o \u00e9 de Wagner Ribeiro, professor do Departamento de Geografia da Universidade de S\u00e3o Paulo (USP) e do Programa de P\u00f3s-gradua\u00e7\u00e3o em Ci\u00eancia Ambiental. Para ele, a decis\u00e3o \u00e9 um grande erro no contexto de\u00a0<a class=\"internal-link\" title=\"\" href=\"https:\/\/www.redebrasilatual.com.br\/ambiente\/2019\/04\/100-dias-de-bolsonaro-sao-de-retrocesso-ao-meio-ambiente-diz-sos-mata-atlantica\" target=\"_blank\" rel=\"noopener noreferrer\">crise ecol\u00f3gica mundial<\/a>.<\/p>\n<p>\u201c\u00c9 mais uma patacoada. Se diz que aquilo que se economiza de energia n\u00e3o \u00e9 mais o mesmo de antes, mas de qualquer forma h\u00e1 uma economia, \u00e9 evidente, n\u00e3o h\u00e1 como negar. Qualquer economia que puder fazer \u00e9 bem-vinda. O hor\u00e1rio de ver\u00e3o causa inc\u00f4modo em algumas pessoas pela adapta\u00e7\u00e3o, mas \u00e9 uma a\u00e7\u00e3o coletiva onde todos est\u00e3o usando melhor as possibilidades que a natureza oferece. Saber usar a luz solar ao nosso favor \u00e9 uma medida inteligente\u201d, explica, em entrevista \u00e0 jornalista Marilu Cab\u00e3nas, na\u00a0<strong>R\u00e1dio Brasil Atual<\/strong>.<\/p>\n<p>O professor\u00a0 questiona a quem interessa o fim do hor\u00e1rio de ver\u00e3o. Para ele, o maior beneficiado ser\u00e1 o setor de telecomunica\u00e7\u00f5es, pois para canais de televis\u00e3o h\u00e1 um transtorno em transmitir programas em rede nacional em hor\u00e1rios diferentes, conforme a regi\u00e3o do pa\u00eds, considerando que estados do Nordeste e do Norte n\u00e3o adotam o hor\u00e1rio. Coincidentemente,\u00a0<a class=\"internal-link\" title=\"\" href=\"https:\/\/www.redebrasilatual.com.br\/politica\/2019\/04\/gasto-de-bolsonaro-com-publicidade-aumenta-em-63-no-1o-trimestre\" target=\"_blank\" rel=\"noopener noreferrer\">Bolsonaro tem privilegiado a TV Record e o SBT\u00a0<\/a>para dar entrevistas, al\u00e9m de estar aumentando a verba de propaganda para ambos os canais.<\/p>\n<p>\u201c\u00c9 uma medida ambientalmente incorreta e pouco inteligente, que n\u00e3o usa ao nosso favor as diferen\u00e7as regionais e a distribui\u00e7\u00e3o de luz no Brasil\u201d, afirma Wagner Ribeiro.<\/p>\n<p>Al\u00e9m do fim do hor\u00e1rio de ver\u00e3o,\u00a0<a class=\"internal-link\" title=\"\" href=\"https:\/\/www.redebrasilatual.com.br\/politica\/2019\/04\/mpf-critica-decreto-de-bolsonaro-participacao-popular-faz-parte-da-democracia\" target=\"_blank\" rel=\"noopener noreferrer\">ele critica o fim dos conselhos que garantiam a participa\u00e7\u00e3o social na elabora\u00e7\u00e3o de pol\u00edticas p\u00fablicas<\/a>. Segundo ele, o Brasil era visto como refer\u00eancia na participa\u00e7\u00e3o popular em temas do governo federal. \u201cTraz muita preocupa\u00e7\u00e3o esse esvaziamento da participa\u00e7\u00e3o da sociedade civil na tomada de decis\u00f5es ambientais.\u201d<\/p>\n<p><strong>Fonte: Rede Brasil Atual<\/strong><\/p>\n","protected":false},"excerpt":{"rendered":"<p>Anunciado pelo presidente Jair\u00a0Bolsonaro(PSL), o\u00a0fim do hor\u00e1rio de ver\u00e3o\u00a0deve n\u00e3o apenas deixar de economizar energia como vai em sentido contr\u00e1rio aos necess\u00e1rios esfor\u00e7os ambientais. A avalia\u00e7\u00e3o \u00e9 de Wagner Ribeiro, professor do Departamento de Geografia da Universidade de S\u00e3o Paulo (USP) e do Programa de P\u00f3s-gradua\u00e7\u00e3o em Ci\u00eancia Ambiental. Para ele, a decis\u00e3o \u00e9 um [&hellip;]<\/p>\n","protected":false},"author":2,"featured_media":6513,"comment_status":"","ping_status":"","sticky":false,"template":"","format":"standard","meta":{"footnotes":""},"categories":[3],"tags":[],"class_list":["post-6514","post","type-post","status-publish","format-standard","has-post-thumbnail","hentry","category-noticias"],"_links":{"self":[{"href":"https:\/\/hostnetart.com.br\/baixada\/wp-json\/wp\/v2\/posts\/6514","targetHints":{"allow":["GET"]}}],"collection":[{"href":"https:\/\/hostnetart.com.br\/baixada\/wp-json\/wp\/v2\/posts"}],"about":[{"href":"https:\/\/hostnetart.com.br\/baixada\/wp-json\/wp\/v2\/types\/post"}],"author":[{"embeddable":true,"href":"https:\/\/hostnetart.com.br\/baixada\/wp-json\/wp\/v2\/users\/2"}],"replies":[{"embeddable":true,"href":"https:\/\/hostnetart.com.br\/baixada\/wp-json\/wp\/v2\/comments?post=6514"}],"version-history":[{"count":0,"href":"https:\/\/hostnetart.com.br\/baixada\/wp-json\/wp\/v2\/posts\/6514\/revisions"}],"wp:featuredmedia":[{"embeddable":true,"href":"https:\/\/hostnetart.com.br\/baixada\/wp-json\/wp\/v2\/media\/6513"}],"wp:attachment":[{"href":"https:\/\/hostnetart.com.br\/baixada\/wp-json\/wp\/v2\/media?parent=6514"}],"wp:term":[{"taxonomy":"category","embeddable":true,"href":"https:\/\/hostnetart.com.br\/baixada\/wp-json\/wp\/v2\/categories?post=6514"},{"taxonomy":"post_tag","embeddable":true,"href":"https:\/\/hostnetart.com.br\/baixada\/wp-json\/wp\/v2\/tags?post=6514"}],"curies":[{"name":"wp","href":"https:\/\/api.w.org\/{rel}","templated":true}]}}