{"id":6512,"date":"2019-04-17T18:14:14","date_gmt":"2019-04-17T21:14:14","guid":{"rendered":"https:\/\/hostnetart.com.br\/baixada\/bancarios-respondem-a-consulta-nacional\/"},"modified":"2019-04-17T18:14:14","modified_gmt":"2019-04-17T21:14:14","slug":"bancarios-respondem-a-consulta-nacional","status":"publish","type":"post","link":"https:\/\/hostnetart.com.br\/baixada\/bancarios-respondem-a-consulta-nacional\/","title":{"rendered":"Banc\u00e1rios respondem \u00e0 Consulta Nacional"},"content":{"rendered":"<p>Banc\u00e1rias e banc\u00e1rios de todo o pa\u00eds est\u00e3o respondendo ao question\u00e1rio da Consulta Nacional. As respostas contribuir\u00e3o com a defini\u00e7\u00e3o das a\u00e7\u00f5es da categoria at\u00e9 que se inicie a pr\u00f3xima Campanha Nacional dos Banc\u00e1rios, em 2020.<\/p>\n<p>\u201c\u00c9 fundamental que toda a categoria se envolva e responda ao question\u00e1rio, para que a pesquisa retrate com maior precis\u00e3o a posi\u00e7\u00e3o dos banc\u00e1rios e banc\u00e1rias de todo o territ\u00f3rio nacional referente aos temas tratados\u201d, ponderou a presidenta da Confedera\u00e7\u00e3o Nacional dos Trabalhadores do Ramo Financeiro (Contraf-CUT), Juvandia Moreira, que \u00e9 tamb\u00e9m coordenadora do Comando Nacional dos Banc\u00e1rios, entidade que aglutina quase a totalidade dos sindicatos e federa\u00e7\u00f5es de banc\u00e1rios das mais diferentes correntes pol\u00edticas que atuam no movimento sindical banc\u00e1rio.<\/p>\n<p>\u201cOs dirigentes est\u00e3o em contato com a categoria durante todo o ano. Mas, a Consulta \u00e9 o momento de escuta-la oficialmente. Por isso, os dirigentes precisam ter na ponta da l\u00edngua a resposta para cada pergunta que lhes forem feitas sobre o question\u00e1rio e os temas que eles tratam. Os banc\u00e1rios precisam responder \u00e0 Consulta com conhecimento de causa, com consci\u00eancia\u201d, explicou a presidenta da Contraf-CUT.<\/p>\n<p>Como, em 2018, a categoria firmou acordo que garante a manuten\u00e7\u00e3o de todos os direitos previstos na sua Conven\u00e7\u00e3o Coletiva de Trabalho (CCT) e aumento real para os sal\u00e1rios, vales refei\u00e7\u00e3o e alimenta\u00e7\u00e3o e demais cl\u00e1usulas econ\u00f4micas, neste ano a categoria ajudar\u00e1 a definir as prioridades da atua\u00e7\u00e3o do movimento. Por isso, al\u00e9m de responder quest\u00f5es referente aos bancos p\u00fablicos e sa\u00fade e condi\u00e7\u00f5es de trabalho, as quest\u00f5es buscam captar a opini\u00e3o da categoria sobre a reforma da Previd\u00eancia. \u201c\u00c9 importante ter conhecimento da posi\u00e7\u00e3o do banc\u00e1rio sobre este tema que afetar\u00e1 todos os trabalhadores, seja de empresas p\u00fablicas ou privadas\u201d, completou Juvandia.<\/p>\n<p>O levantamento ser\u00e1 realizado durante os meses de abril e maio. Ao final, sindicatos e federa\u00e7\u00f5es v\u00e3o tabular as informa\u00e7\u00f5es e enviar para a Contraf-CUT, que juntar\u00e1 os dados de todo o pa\u00eds. O resultado ser\u00e1 divulgado durante a Confer\u00eancia Nacional dos Banc\u00e1rios, que ser\u00e1 realizada de 2 a 4 de agosto, em S\u00e3o Paulo.<\/p>\n<p><strong>Reforma da Previd\u00eancia<\/strong><\/p>\n<p>Para contribuir com o debate e a reflex\u00e3o da categoria, a Contraf-CUT produziu uma cartilha de bolso sobre a reforma da Previd\u00eancia. De uma forma simples e did\u00e1tica o material explica os principais pontos da proposta do governo, que pretende dificultar o acesso e reduzir os valores da aposentadoria.<\/p>\n<p><strong>Fonte:<\/strong>\u00a0Contraf-CUT<\/p>\n","protected":false},"excerpt":{"rendered":"<p>Banc\u00e1rias e banc\u00e1rios de todo o pa\u00eds est\u00e3o respondendo ao question\u00e1rio da Consulta Nacional. As respostas contribuir\u00e3o com a defini\u00e7\u00e3o das a\u00e7\u00f5es da categoria at\u00e9 que se inicie a pr\u00f3xima Campanha Nacional dos Banc\u00e1rios, em 2020. \u201c\u00c9 fundamental que toda a categoria se envolva e responda ao question\u00e1rio, para que a pesquisa retrate com maior [&hellip;]<\/p>\n","protected":false},"author":2,"featured_media":6511,"comment_status":"","ping_status":"","sticky":false,"template":"","format":"standard","meta":{"footnotes":""},"categories":[3],"tags":[],"class_list":["post-6512","post","type-post","status-publish","format-standard","has-post-thumbnail","hentry","category-noticias"],"_links":{"self":[{"href":"https:\/\/hostnetart.com.br\/baixada\/wp-json\/wp\/v2\/posts\/6512","targetHints":{"allow":["GET"]}}],"collection":[{"href":"https:\/\/hostnetart.com.br\/baixada\/wp-json\/wp\/v2\/posts"}],"about":[{"href":"https:\/\/hostnetart.com.br\/baixada\/wp-json\/wp\/v2\/types\/post"}],"author":[{"embeddable":true,"href":"https:\/\/hostnetart.com.br\/baixada\/wp-json\/wp\/v2\/users\/2"}],"replies":[{"embeddable":true,"href":"https:\/\/hostnetart.com.br\/baixada\/wp-json\/wp\/v2\/comments?post=6512"}],"version-history":[{"count":0,"href":"https:\/\/hostnetart.com.br\/baixada\/wp-json\/wp\/v2\/posts\/6512\/revisions"}],"wp:featuredmedia":[{"embeddable":true,"href":"https:\/\/hostnetart.com.br\/baixada\/wp-json\/wp\/v2\/media\/6511"}],"wp:attachment":[{"href":"https:\/\/hostnetart.com.br\/baixada\/wp-json\/wp\/v2\/media?parent=6512"}],"wp:term":[{"taxonomy":"category","embeddable":true,"href":"https:\/\/hostnetart.com.br\/baixada\/wp-json\/wp\/v2\/categories?post=6512"},{"taxonomy":"post_tag","embeddable":true,"href":"https:\/\/hostnetart.com.br\/baixada\/wp-json\/wp\/v2\/tags?post=6512"}],"curies":[{"name":"wp","href":"https:\/\/api.w.org\/{rel}","templated":true}]}}