{"id":6510,"date":"2019-04-17T13:46:47","date_gmt":"2019-04-17T16:46:47","guid":{"rendered":"https:\/\/hostnetart.com.br\/baixada\/em-100-dias-de-gestao-witzel-poucas-propostas-e-muitos-assassinatos\/"},"modified":"2019-04-17T13:46:47","modified_gmt":"2019-04-17T16:46:47","slug":"em-100-dias-de-gestao-witzel-poucas-propostas-e-muitos-assassinatos","status":"publish","type":"post","link":"https:\/\/hostnetart.com.br\/baixada\/em-100-dias-de-gestao-witzel-poucas-propostas-e-muitos-assassinatos\/","title":{"rendered":"Em 100 dias de gest\u00e3o Witzel, poucas propostas e muitos assassinatos"},"content":{"rendered":"<p>Mais de 150 pessoas assassinadas por m\u00eas pela pol\u00edcia do Rio de Janeiro. Este \u00e9 o saldo do in\u00edcio do mandato do\u00a0<a class=\"internal-link\" title=\"\" href=\"https:\/\/www.redebrasilatual.com.br\/politica\/2019\/01\/witzel-assume-no-rio-falando-em-moralidade-e-fim-do-poder-paralelo\" target=\"_blank\" rel=\"noopener noreferrer\">governador Wilson Witzel (PSC)<\/a>. Sem pol\u00edticas p\u00fablicas para as demandas sociais, entidades tamb\u00e9m questionam o discurso do governador, apontado como ilegal e respons\u00e1vel pelo aumento da letalidade da pol\u00edcia no estado.<\/p>\n<p>A\u00a0<a class=\"internal-link\" title=\"\" href=\"https:\/\/www.redebrasilatual.com.br\/cidadania\/2019\/03\/witzel-e-cobrado-por-plano-de-seguranca-publica-apos-alta-nas-mortes-por-policiais\" target=\"_blank\" rel=\"noopener noreferrer\">seguran\u00e7a p\u00fablica foi o foco de toda campanha eleitoral<\/a>\u00a0do governador e a pasta que mais recebeu aten\u00e7\u00e3o, nos primeiros meses de governo.\u00a0Witzel acabou com a Secretaria de Seguran\u00e7a, deu maior autonomia \u00e0s pol\u00edcias e adotou um discurso com medidas de maior repress\u00e3o.<\/p>\n<p>No entanto, os resultados s\u00e3o desastrosos no que se refere \u00e0 garantia de direitos humanos. A\u00a0<a class=\"internal-link\" title=\"\" href=\"https:\/\/www.redebrasilatual.com.br\/blogs\/blog-na-rede\/2019\/03\/e-de-uma-injustica-tremenda-o-que-fizeram-com-arthur-e-o-que-fazem-com-meus-filhos\" target=\"_blank\" rel=\"noopener noreferrer\">letalidade policial<\/a>, em 2019, \u00e9 a maior dos \u00faltimos 16 anos. Apenas nos meses de janeiro e fevereiro,\u00a0<a class=\"internal-link\" title=\"\" href=\"https:\/\/www.redebrasilatual.com.br\/cidadania\/2019\/04\/os-80-tiros-contra-familia-no-rj-seriam-legitima-defesa-com-pacote-de-moro\" target=\"_blank\" rel=\"noopener noreferrer\">305 pessoas foram mortas<\/a>\u00a0pela pol\u00edcia no estado.<\/p>\n<p>&#8220;O que ele est\u00e1 propondo abertamente \u00e9 ilegal. Os setores que defendem esse tipo de abordagem est\u00e3o propondo uma modifica\u00e7\u00e3o legal no Congresso, a chamada Lei do Abate. Mais cedo ou mais tarde, os policiais acusados de execu\u00e7\u00e3o sum\u00e1ria, no Rio de Janeiro, v\u00e3o ser julgados e as defesas deles v\u00e3o dizer que estavam cumprindo ordens do governador. Vamos ver se o Minist\u00e9rio P\u00fablico ir\u00e1 processar o Witzel como mandante das mortes&#8221;, questionou Ign\u00e1cio Cano, soci\u00f3logo do Laborat\u00f3rio de An\u00e1lise da Viol\u00eancia da Universidade Estadual do Rio de Janeiro (UERJ), \u00e0 rep\u00f3rter Viviane Nascimento, no\u00a0<em>Seu Jornal<\/em>, da\u00a0<strong>TVT<\/strong>.<\/p>\n<p>Diante da afirma\u00e7\u00e3o de Witzel de que os atiradores de elite j\u00e1 est\u00e3o atuando, uma representa\u00e7\u00e3o foi enviada ao Minist\u00e9rio P\u00fablico e \u00e0s pol\u00edcias, solicitando informa\u00e7\u00f5es sobre as opera\u00e7\u00f5es com esses profissionais.<\/p>\n<p>\u201cQuando a gente olha na Constitui\u00e7\u00e3o Federal e nas nossas leis, n\u00e3o existe pena de morte, e o governador est\u00e1 praticando a pena de morte, no ch\u00e3o da favela todos os dias. \u00c9 um crime contra a humanidade&#8221;, criticou a deputada estadual Renata Souza (Psol), presidenta da Comiss\u00e3o de Direitos Humanos da Assembleia Legislativa do Rio (Alerj).<\/p>\n<p>Passados pouco mais de 100 dias de Wilson Witzel no comando do Rio de Janeiro, a popula\u00e7\u00e3o se v\u00ea diante de um estado estagnado. Com problemas nas \u00e1reas de sa\u00fade, educa\u00e7\u00e3o e infraestrutura, o Rio ainda vive a ang\u00fastia de poucas propostas para a mudan\u00e7a desse quadro.<\/p>\n<p>&#8220;N\u00f3s temos um n\u00edvel de paralisa\u00e7\u00e3o h\u00e1 muito agoniante em rela\u00e7\u00e3o a educa\u00e7\u00e3o, sa\u00fade, ci\u00eancia e tecnologia. As tr\u00eas universidades estaduais est\u00e3o paralisadas. Em 100 dias temos um quadro instant\u00e2neo do que n\u00f3s t\u00ednhamos em 2017 e 2018&#8221;, explicou Paulo Ba\u00eda, soci\u00f3logo e cientista pol\u00edtico da Universidade Federal do Rio de Janeiro (UFRJ).<\/p>\n<p>A grande dificuldade \u00e9 a baixa arrecada\u00e7\u00e3o do estado, reflexo da situa\u00e7\u00e3o ruim da economia nacional,\u00a0<a class=\"external-link\" title=\"\" href=\"https:\/\/outraspalavras.net\/outrasmidias\/rio-as-causas-do-desatre-sao-outras\/\" target=\"_blank\" rel=\"noopener noreferrer\">al\u00e9m do regime de recupera\u00e7\u00e3o fiscal<\/a>, assinado com a Uni\u00e3o, no final de 2017, que congela investimentos e engessa a atua\u00e7\u00e3o do governo.<\/p>\n<p>&#8220;A dificuldade do Witzel \u00e9 muito grande, porque ele mant\u00e9m a ideia de que quer renegociar, mas n\u00e3o tem esse aceno de renegocia\u00e7\u00e3o por parte da equipe econ\u00f4mica do governo federal&#8221;, acrescentou Ba\u00eda.<\/p>\n<p><strong>Assista \u00e0 reportagem\u00a0<a href=\"https:\/\/www.youtube.com\/watch?v=TUrIlavjFNk\">https:\/\/www.youtube.com\/watch?v=TUrIlavjFNk<\/a><\/strong><\/p>\n<p>\u00a0<\/p>\n<p><span style=\"text-decoration: underline;\"><strong>Fonte: Rede Brasil Atual<\/strong><\/span><\/p>\n","protected":false},"excerpt":{"rendered":"<p>Mais de 150 pessoas assassinadas por m\u00eas pela pol\u00edcia do Rio de Janeiro. Este \u00e9 o saldo do in\u00edcio do mandato do\u00a0governador Wilson Witzel (PSC). Sem pol\u00edticas p\u00fablicas para as demandas sociais, entidades tamb\u00e9m questionam o discurso do governador, apontado como ilegal e respons\u00e1vel pelo aumento da letalidade da pol\u00edcia no estado. A\u00a0seguran\u00e7a p\u00fablica foi [&hellip;]<\/p>\n","protected":false},"author":2,"featured_media":6509,"comment_status":"","ping_status":"","sticky":false,"template":"","format":"standard","meta":{"footnotes":""},"categories":[3],"tags":[],"class_list":["post-6510","post","type-post","status-publish","format-standard","has-post-thumbnail","hentry","category-noticias"],"_links":{"self":[{"href":"https:\/\/hostnetart.com.br\/baixada\/wp-json\/wp\/v2\/posts\/6510","targetHints":{"allow":["GET"]}}],"collection":[{"href":"https:\/\/hostnetart.com.br\/baixada\/wp-json\/wp\/v2\/posts"}],"about":[{"href":"https:\/\/hostnetart.com.br\/baixada\/wp-json\/wp\/v2\/types\/post"}],"author":[{"embeddable":true,"href":"https:\/\/hostnetart.com.br\/baixada\/wp-json\/wp\/v2\/users\/2"}],"replies":[{"embeddable":true,"href":"https:\/\/hostnetart.com.br\/baixada\/wp-json\/wp\/v2\/comments?post=6510"}],"version-history":[{"count":0,"href":"https:\/\/hostnetart.com.br\/baixada\/wp-json\/wp\/v2\/posts\/6510\/revisions"}],"wp:featuredmedia":[{"embeddable":true,"href":"https:\/\/hostnetart.com.br\/baixada\/wp-json\/wp\/v2\/media\/6509"}],"wp:attachment":[{"href":"https:\/\/hostnetart.com.br\/baixada\/wp-json\/wp\/v2\/media?parent=6510"}],"wp:term":[{"taxonomy":"category","embeddable":true,"href":"https:\/\/hostnetart.com.br\/baixada\/wp-json\/wp\/v2\/categories?post=6510"},{"taxonomy":"post_tag","embeddable":true,"href":"https:\/\/hostnetart.com.br\/baixada\/wp-json\/wp\/v2\/tags?post=6510"}],"curies":[{"name":"wp","href":"https:\/\/api.w.org\/{rel}","templated":true}]}}