{"id":6504,"date":"2019-04-17T13:29:43","date_gmt":"2019-04-17T16:29:43","guid":{"rendered":"https:\/\/hostnetart.com.br\/baixada\/idh-estavel-queda-da-renda-mais-pobreza-retratos-do-brasil\/"},"modified":"2019-04-17T13:29:43","modified_gmt":"2019-04-17T16:29:43","slug":"idh-estavel-queda-da-renda-mais-pobreza-retratos-do-brasil","status":"publish","type":"post","link":"https:\/\/hostnetart.com.br\/baixada\/idh-estavel-queda-da-renda-mais-pobreza-retratos-do-brasil\/","title":{"rendered":"IDH est\u00e1vel, queda da renda, mais pobreza: retratos do Brasil"},"content":{"rendered":"<p>O \u00cdndice de Desenvolvimento Humano Municipal (IDHM) ficou praticamente est\u00e1vel de 2016 para 2017, passando de 0,776 para 0,778, sendo 1 a maior unidade. Apesar de uma tend\u00eancia de avan\u00e7o, h\u00e1 uma &#8220;inflex\u00e3o&#8221; no ritmo de crescimento causada pela diminui\u00e7\u00e3o da renda, &#8220;que veio acompanhada do aumento da pobreza no pa\u00eds&#8221;, aponta relat\u00f3rio divulgado nessa ter\u00e7a-feira (16). Os dados mostram leve redu\u00e7\u00e3o da renda domiciliar e aumento da propor\u00e7\u00e3o de pessoas na extrema pobreza, com estagna\u00e7\u00e3o do \u00edndice de Gini, que mede a desigualdade, em 0,55 \u2013 quanto mais perto de zero, menor a desigualdade.\u00a0<\/p>\n<p>Divulgado pelo Programa das Na\u00e7\u00f5es Unidas para o Desenvolvimento (Pnud) no Brasil, pela Funda\u00e7\u00e3o Jo\u00e3o Pinheiro (FJP) e pelo Instituto de Pesquisa Econ\u00f4mica Aplicada (Ipea), com base em dados do IBGE, o Radar IDHM mostra queda de 0,92% no valor da renda\u00a0<em>per capita<\/em>\u00a0em 2017 (para R$ 834,31), o que levou a uma leve retra\u00e7\u00e3o do \u00edndice relativo \u00e0 renda, de 0,748 para 0,747. J\u00e1 o \u00edndice de longevidade subiu de 0,845 para 0,850, com o aumento da esperan\u00e7a de vida para 75,99 anos. E o da educa\u00e7\u00e3o tamb\u00e9m cresceu, de 0,739 para 0,742.\u00a0<\/p>\n<p>A propor\u00e7\u00e3o de pessoas na extrema pobreza aumentou de 5,15% para 5,96%. E a de &#8220;vulner\u00e1veis a pobreza&#8221; subiu de 24,47% para 24,98%.<\/p>\n<p>As entidades destacam &#8220;avan\u00e7os importantes&#8221; nos indicadores de desenvolvimento humano entre 2000 e 2010, per\u00edodo que compreende o final da gest\u00e3o FHC e todo o governo Lula.\u00a0<\/p>\n<p>&#8220;No Brasil, por exemplo, ainda que \u00f3timos resultados tenham sido alcan\u00e7ados na redu\u00e7\u00e3o da pobreza, \u00e9 poss\u00edvel identificar uma nova tend\u00eancia, de aumento desta, ou seja, de redu\u00e7\u00e3o da renda\u00a0<em>per capita<\/em>\u00a0da popula\u00e7\u00e3o, com o ingresso de pessoas na situa\u00e7\u00e3o de pobreza e uma estagna\u00e7\u00e3o no \u00edndice de Gini. No pa\u00eds, embora tenha ocorrido a redu\u00e7\u00e3o das desigualdades entre os diferentes grupos sociais, ainda \u00e9 bastante evidente a exist\u00eancia das disparidades regionais&#8221;, afirma o relat\u00f3rio.<\/p>\n<p>Houve pequena redu\u00e7\u00e3o na desigualdade entre brancos e negros, de acordo com o relat\u00f3rio. O IDHM da popula\u00e7\u00e3o branca recuou de 0,819 para 0,817, enquanto o da negra subiu de 0,728 para 0,732. Mesmo assim, o primeiro grupo continua ganhando quase duas vezes mais, em m\u00e9dia: R$ 1.144,76 entre os brancos, ante R$ 580,79 entre os negros.<\/p>\n<p>No recorte por sexo, caiu a renda m\u00e9dia do trabalho tanto de homens (calculada em R$ 1.543,21) como de mulheres (R$ 1.165,59). A esperan\u00e7a de vida da popula\u00e7\u00e3o masculina era de 72,46 anos e da feminina, 79,56 anos.<\/p>\n<p>Seis das 27 unidades da federa\u00e7\u00e3o tiveram queda em 2017. Uma dessas quedas foi registrada no estado mais rico, S\u00e3o Paulo, que perdeu 0,005 e foi a 0,837. Mas as entidades lembram que &#8220;as disparidades interestaduais e regionais ainda s\u00e3o grandes, com o IDHM atingindo 0,850 no Distrito Federal e e 0,837 em S\u00e3o Paulo e 0,687 no Maranh\u00e3o e 0,683 em Alagoas.\u00a0<\/p>\n<p>&#8220;Espera-se que os resultados trazidos pelo Radar IDHM e pela an\u00e1lise de tend\u00eancias deles decorrente estimulem o desenho e a implementa\u00e7\u00e3o de pol\u00edticas p\u00fablicas que contribuam para gerar avan\u00e7os na realidade social e econ\u00f4mica do pa\u00eds, com redu\u00e7\u00e3o das desigualdades socioespaciais, de g\u00eanero e de ra\u00e7a, bem como a amplia\u00e7\u00e3o das oportunidades de inclus\u00e3o social, visando ao desenvolvimento humano sustent\u00e1vel da popula\u00e7\u00e3o brasileira&#8221;, afirmam as entidades no final do relat\u00f3rio, cujo conte\u00fado pode ser acessado\u00a0<a class=\"external-link\" title=\"\" href=\"http:\/\/www.atlasbrasil.org.br\/2013\/data\/rawData\/Radar%20IDHM%20PNADC_2019_Book.pdf\" target=\"_blank\" rel=\"noopener noreferrer\">aqui<\/a>.<\/p>\n<p><strong>Fonte: Rede Brasil Atual<\/strong><\/p>\n","protected":false},"excerpt":{"rendered":"<p>O \u00cdndice de Desenvolvimento Humano Municipal (IDHM) ficou praticamente est\u00e1vel de 2016 para 2017, passando de 0,776 para 0,778, sendo 1 a maior unidade. Apesar de uma tend\u00eancia de avan\u00e7o, h\u00e1 uma &#8220;inflex\u00e3o&#8221; no ritmo de crescimento causada pela diminui\u00e7\u00e3o da renda, &#8220;que veio acompanhada do aumento da pobreza no pa\u00eds&#8221;, aponta relat\u00f3rio divulgado nessa [&hellip;]<\/p>\n","protected":false},"author":2,"featured_media":6503,"comment_status":"","ping_status":"","sticky":false,"template":"","format":"standard","meta":{"footnotes":""},"categories":[3],"tags":[],"class_list":["post-6504","post","type-post","status-publish","format-standard","has-post-thumbnail","hentry","category-noticias"],"_links":{"self":[{"href":"https:\/\/hostnetart.com.br\/baixada\/wp-json\/wp\/v2\/posts\/6504","targetHints":{"allow":["GET"]}}],"collection":[{"href":"https:\/\/hostnetart.com.br\/baixada\/wp-json\/wp\/v2\/posts"}],"about":[{"href":"https:\/\/hostnetart.com.br\/baixada\/wp-json\/wp\/v2\/types\/post"}],"author":[{"embeddable":true,"href":"https:\/\/hostnetart.com.br\/baixada\/wp-json\/wp\/v2\/users\/2"}],"replies":[{"embeddable":true,"href":"https:\/\/hostnetart.com.br\/baixada\/wp-json\/wp\/v2\/comments?post=6504"}],"version-history":[{"count":0,"href":"https:\/\/hostnetart.com.br\/baixada\/wp-json\/wp\/v2\/posts\/6504\/revisions"}],"wp:featuredmedia":[{"embeddable":true,"href":"https:\/\/hostnetart.com.br\/baixada\/wp-json\/wp\/v2\/media\/6503"}],"wp:attachment":[{"href":"https:\/\/hostnetart.com.br\/baixada\/wp-json\/wp\/v2\/media?parent=6504"}],"wp:term":[{"taxonomy":"category","embeddable":true,"href":"https:\/\/hostnetart.com.br\/baixada\/wp-json\/wp\/v2\/categories?post=6504"},{"taxonomy":"post_tag","embeddable":true,"href":"https:\/\/hostnetart.com.br\/baixada\/wp-json\/wp\/v2\/tags?post=6504"}],"curies":[{"name":"wp","href":"https:\/\/api.w.org\/{rel}","templated":true}]}}