{"id":6502,"date":"2019-04-17T13:28:14","date_gmt":"2019-04-17T16:28:14","guid":{"rendered":"https:\/\/hostnetart.com.br\/baixada\/valorizacao-do-minimo-e-fundamental-para-diminuir-as-desigualdades\/"},"modified":"2019-04-17T13:28:14","modified_gmt":"2019-04-17T16:28:14","slug":"valorizacao-do-minimo-e-fundamental-para-diminuir-as-desigualdades","status":"publish","type":"post","link":"https:\/\/hostnetart.com.br\/baixada\/valorizacao-do-minimo-e-fundamental-para-diminuir-as-desigualdades\/","title":{"rendered":"Valoriza\u00e7\u00e3o do m\u00ednimo \u00e9 &#8216;fundamental para diminuir as desigualdades&#8217;"},"content":{"rendered":"<p class=\" \">O\u00a0<a class=\"internal-link\" title=\"\" href=\"https:\/\/www.redebrasilatual.com.br\/economia\/2019\/04\/governo-bolsonaro-acaba-com-politica-de-valorizacao-do-salario-minimo\" target=\"_blank\" rel=\"noopener noreferrer\">fim da pol\u00edtica de valoriza\u00e7\u00e3o do sal\u00e1rio m\u00ednimo<\/a>, anunciada nesta segunda-feira (15) pelo governo Bolsonaro, \u00e9 uma medida que penalizar\u00e1 principalmente os mais pobres, de acordo com an\u00e1lise do diretor t\u00e9cnico do Dieese, Clemente Ganz L\u00facio. &#8220;Acabou esse instrumento importante de eleva\u00e7\u00e3o do poder de compra dos menores sal\u00e1rios da economia brasileira&#8221;, adverte, em coment\u00e1rio na\u00a0<b>R\u00e1dio Brasil Atual<\/b>.<\/p>\n<p class=\" \">Com a descontinuidade dos reajustes anuais baseados na varia\u00e7\u00e3o do Produto Interno Bruto (PIB) de dois anos antes e pela infla\u00e7\u00e3o do ano anterior, a remunera\u00e7\u00e3o b\u00e1sica para 2020 est\u00e1 prevista pelo governo em R$ 1.040. Na pr\u00e1tica, Bolsonaro confirmou\u00a0<a class=\"internal-link\" title=\"\" href=\"https:\/\/www.redebrasilatual.com.br\/trabalho\/2018\/11\/desvalorizar-salario-minimo-e-aposentadorias-agravara-crise-social\" target=\"_blank\" rel=\"noopener noreferrer\">os ataques\u00a0<\/a>que j\u00e1 vinham sendo feitos \u00e0 pol\u00edtica de valoriza\u00e7\u00e3o.<\/p>\n<p class=\" \">Clemente lembra que sem a pol\u00edtica implementada em 2004, hoje a remunera\u00e7\u00e3o\u00a0<a class=\"internal-link\" title=\"\" href=\"https:\/\/www.redebrasilatual.com.br\/economia\/2019\/03\/sem-valorizacao-do-salario-minimo-como-quer-mourao-remuneracao-seria-de-r-573\" target=\"_blank\" rel=\"noopener noreferrer\">poderia ser de R$ 573, um valor R$ 425 menor<\/a>\u00a0que os R$ 998 estabelecidos como o m\u00ednimo.\u00a0&#8220;Esses R$ 425 de aumento colocam na economia R$ 265 bilh\u00f5es ao ano&#8221;, destaca. &#8220;\u00c9 uma pol\u00edtica fundamental para diminuir as desigualdades e essencial para que o m\u00ednimo, crescendo, se aproxime do valor do sal\u00e1rio necess\u00e1rio calculado pelo Dieese, que hoje \u00e9 de R$ 4.300&#8221;, justifica o diretor t\u00e9cnico.<\/p>\n<p class=\" \"><strong>Fonte: Rede Brasil Atual<\/strong><\/p>\n","protected":false},"excerpt":{"rendered":"<p>O\u00a0fim da pol\u00edtica de valoriza\u00e7\u00e3o do sal\u00e1rio m\u00ednimo, anunciada nesta segunda-feira (15) pelo governo Bolsonaro, \u00e9 uma medida que penalizar\u00e1 principalmente os mais pobres, de acordo com an\u00e1lise do diretor t\u00e9cnico do Dieese, Clemente Ganz L\u00facio. &#8220;Acabou esse instrumento importante de eleva\u00e7\u00e3o do poder de compra dos menores sal\u00e1rios da economia brasileira&#8221;, adverte, em coment\u00e1rio [&hellip;]<\/p>\n","protected":false},"author":2,"featured_media":6501,"comment_status":"","ping_status":"","sticky":false,"template":"","format":"standard","meta":{"footnotes":""},"categories":[3],"tags":[],"class_list":["post-6502","post","type-post","status-publish","format-standard","has-post-thumbnail","hentry","category-noticias"],"_links":{"self":[{"href":"https:\/\/hostnetart.com.br\/baixada\/wp-json\/wp\/v2\/posts\/6502","targetHints":{"allow":["GET"]}}],"collection":[{"href":"https:\/\/hostnetart.com.br\/baixada\/wp-json\/wp\/v2\/posts"}],"about":[{"href":"https:\/\/hostnetart.com.br\/baixada\/wp-json\/wp\/v2\/types\/post"}],"author":[{"embeddable":true,"href":"https:\/\/hostnetart.com.br\/baixada\/wp-json\/wp\/v2\/users\/2"}],"replies":[{"embeddable":true,"href":"https:\/\/hostnetart.com.br\/baixada\/wp-json\/wp\/v2\/comments?post=6502"}],"version-history":[{"count":0,"href":"https:\/\/hostnetart.com.br\/baixada\/wp-json\/wp\/v2\/posts\/6502\/revisions"}],"wp:featuredmedia":[{"embeddable":true,"href":"https:\/\/hostnetart.com.br\/baixada\/wp-json\/wp\/v2\/media\/6501"}],"wp:attachment":[{"href":"https:\/\/hostnetart.com.br\/baixada\/wp-json\/wp\/v2\/media?parent=6502"}],"wp:term":[{"taxonomy":"category","embeddable":true,"href":"https:\/\/hostnetart.com.br\/baixada\/wp-json\/wp\/v2\/categories?post=6502"},{"taxonomy":"post_tag","embeddable":true,"href":"https:\/\/hostnetart.com.br\/baixada\/wp-json\/wp\/v2\/tags?post=6502"}],"curies":[{"name":"wp","href":"https:\/\/api.w.org\/{rel}","templated":true}]}}