{"id":6498,"date":"2019-04-16T18:04:45","date_gmt":"2019-04-16T21:04:45","guid":{"rendered":"https:\/\/hostnetart.com.br\/baixada\/bancarios-da-baixada-fluminense-recolhem-assinaturas-contra-a-reforma-da-previdencia\/"},"modified":"2019-04-16T18:04:45","modified_gmt":"2019-04-16T21:04:45","slug":"bancarios-da-baixada-fluminense-recolhem-assinaturas-contra-a-reforma-da-previdencia","status":"publish","type":"post","link":"https:\/\/hostnetart.com.br\/baixada\/bancarios-da-baixada-fluminense-recolhem-assinaturas-contra-a-reforma-da-previdencia\/","title":{"rendered":"Banc\u00e1rios da Baixada Fluminense recolhem assinaturas contra a Reforma da Previd\u00eancia"},"content":{"rendered":"<p>Dirigentes do Sindicato dos Banc\u00e1rios da Baixada Fluminense estiveram na Pra\u00e7a Rui Barbosa na manh\u00e3 desta ter\u00e7a-feira (16), no centro de Nova Igua\u00e7u, recolhendo assinaturas contra a proposta apresentada de Reforma da Previd\u00eancia, que somente prejudica os trabalhadores. O abaixo-assinado \u00e9 iniciativa das principais centrais sindicais do pa\u00eds.<\/p>\n<p>Foram montadas mesas para a coleta de assinaturas e, tamb\u00e9m, um palanque onde diretoras e diretores do Sindicato falaram sobre os malef\u00edcios e perdas que essa reforma representa. Tamb\u00e9m foi citada a import\u00e2ncia de uma mobiliza\u00e7\u00e3o popular, no intuito de impedir a aprova\u00e7\u00e3o deste projeto.<\/p>\n<p>O SindBaixada continuar\u00e1 a percorrer os munic\u00edpios de sua base para recolher mais assinaturas, para tirar d\u00favidas e alertar banc\u00e1rios e popula\u00e7\u00e3o.<\/p>\n<p><\/p>\n","protected":false},"excerpt":{"rendered":"<p>Dirigentes do Sindicato dos Banc\u00e1rios da Baixada Fluminense estiveram na Pra\u00e7a Rui Barbosa na manh\u00e3 desta ter\u00e7a-feira (16), no centro de Nova Igua\u00e7u, recolhendo assinaturas contra a proposta apresentada de Reforma da Previd\u00eancia, que somente prejudica os trabalhadores. O abaixo-assinado \u00e9 iniciativa das principais centrais sindicais do pa\u00eds. Foram montadas mesas para a coleta de [&hellip;]<\/p>\n","protected":false},"author":2,"featured_media":6497,"comment_status":"","ping_status":"","sticky":false,"template":"","format":"standard","meta":{"footnotes":""},"categories":[3],"tags":[],"class_list":["post-6498","post","type-post","status-publish","format-standard","has-post-thumbnail","hentry","category-noticias"],"_links":{"self":[{"href":"https:\/\/hostnetart.com.br\/baixada\/wp-json\/wp\/v2\/posts\/6498","targetHints":{"allow":["GET"]}}],"collection":[{"href":"https:\/\/hostnetart.com.br\/baixada\/wp-json\/wp\/v2\/posts"}],"about":[{"href":"https:\/\/hostnetart.com.br\/baixada\/wp-json\/wp\/v2\/types\/post"}],"author":[{"embeddable":true,"href":"https:\/\/hostnetart.com.br\/baixada\/wp-json\/wp\/v2\/users\/2"}],"replies":[{"embeddable":true,"href":"https:\/\/hostnetart.com.br\/baixada\/wp-json\/wp\/v2\/comments?post=6498"}],"version-history":[{"count":0,"href":"https:\/\/hostnetart.com.br\/baixada\/wp-json\/wp\/v2\/posts\/6498\/revisions"}],"wp:featuredmedia":[{"embeddable":true,"href":"https:\/\/hostnetart.com.br\/baixada\/wp-json\/wp\/v2\/media\/6497"}],"wp:attachment":[{"href":"https:\/\/hostnetart.com.br\/baixada\/wp-json\/wp\/v2\/media?parent=6498"}],"wp:term":[{"taxonomy":"category","embeddable":true,"href":"https:\/\/hostnetart.com.br\/baixada\/wp-json\/wp\/v2\/categories?post=6498"},{"taxonomy":"post_tag","embeddable":true,"href":"https:\/\/hostnetart.com.br\/baixada\/wp-json\/wp\/v2\/tags?post=6498"}],"curies":[{"name":"wp","href":"https:\/\/api.w.org\/{rel}","templated":true}]}}