{"id":6486,"date":"2019-04-15T19:34:58","date_gmt":"2019-04-15T22:34:58","guid":{"rendered":"https:\/\/hostnetart.com.br\/baixada\/gestao-do-estado-conduz-a-maioria-da-populacao-para-a-quase-servidao\/"},"modified":"2019-04-15T19:34:58","modified_gmt":"2019-04-15T22:34:58","slug":"gestao-do-estado-conduz-a-maioria-da-populacao-para-a-quase-servidao","status":"publish","type":"post","link":"https:\/\/hostnetart.com.br\/baixada\/gestao-do-estado-conduz-a-maioria-da-populacao-para-a-quase-servidao\/","title":{"rendered":"Gest\u00e3o do Estado conduz a maioria da popula\u00e7\u00e3o para a quase servid\u00e3o"},"content":{"rendered":"<div id=\"content-core\">\n<div>\n<p class=\"normal\">A economia nacional encontra-se diante de ciclo profundamente vicioso instalado a partir de 2015, com a mais grave crise do capitalismo brasileiro. Quatro anos depois, o Produto Interno Bruto (PIB) segue 5,1% inferior, sendo os investimentos menores em 23,4% e o consumo das fam\u00edlias em 5,3%.<\/p>\n<p class=\"normal\">A reorienta\u00e7\u00e3o imposta ao papel do Estado ajuda a entender a perversidade e a longevidade do ciclo vicioso na economia nacional. Isso porque um dos principais respons\u00e1veis pela acentuada baixa na Forma\u00e7\u00e3o Bruta de Capital Fixo foi a brutal redu\u00e7\u00e3o em 42,5% das despesas do governo federal com investimentos p\u00fablicos, uma vez que a diminui\u00e7\u00e3o nas despesas de consumo na administra\u00e7\u00e3o p\u00fablica foi de 2%.<\/p>\n<p class=\"normal\">Assim, a economia persiste sem fontes de dinamismo, distante, portanto, de qualquer horizonte poss\u00edvel de recupera\u00e7\u00e3o no n\u00edvel geral de atividades. Dos tr\u00eas grandes setores do sistema produtivo, somente o agropecu\u00e1rio fechou o ano de 2018 com n\u00edvel de atividade 6,6% superior ao de 2014, enquanto o secund\u00e1rio situou-se 9,9% menor e o terci\u00e1rio em 3,6%.<\/p>\n<p class=\"normal\">A rela\u00e7\u00e3o comercial com o exterior se mostrou positiva, embora a for\u00e7a das exporta\u00e7\u00f5es tenha sido compensada pela queda nas importa\u00e7\u00f5es. Entre os anos de 2014 e 2018, por exemplo, as importa\u00e7\u00f5es deca\u00edram 11,8% para a eleva\u00e7\u00e3o de 15,5% nas exporta\u00e7\u00f5es.<\/p>\n<p class=\"normal\">A situa\u00e7\u00e3o geral desfavor\u00e1vel da economia nacional tem sido acompanhada por significativa regress\u00e3o na estrutura produtiva nacional. Simultaneamente \u00e0 sequ\u00eancia na queda relativa da presen\u00e7a da ind\u00fastria na produ\u00e7\u00e3o nacional, seguiu o processo de terciariza\u00e7\u00e3o da produ\u00e7\u00e3o estimulado intensamente pela for\u00e7a do inchamento nas atividades de servi\u00e7os provocado por in\u00fameras estrat\u00e9gias de sobreviv\u00eancia populacional que se reproduzem nas condi\u00e7\u00f5es gerais de reprodu\u00e7\u00e3o da pobreza.<\/p>\n<p class=\"normal\">Com isso, o pa\u00eds passou a substituir setores econ\u00f4micos de maior expans\u00e3o na produtividade pelos de rebaixados ganhos de produtividade. Considerando ainda a importante heterogeneidade instalada no interior do sistema produtivo, percebe-se o persistente aprofundamento nas diferen\u00e7as de produtividade entre as firmas de excel\u00eancia e as de contida produtividade, sobretudo no mesmo setor econ\u00f4mico.<\/p>\n<p class=\"normal\">Por consequ\u00eancia, evolui a troca regressiva dos melhores postos de trabalho, com mais alta remunera\u00e7\u00e3o por ocupa\u00e7\u00f5es cada vez mais precarizadas. E, com isso, o rebaixamento das condi\u00e7\u00f5es de vida e trabalho dos brasileiros.<\/p>\n<p class=\"normal\">Ademais da massifica\u00e7\u00e3o do desemprego, a contamina\u00e7\u00e3o crescente da subutiliza\u00e7\u00e3o da for\u00e7a de trabalho numa economia estagnada. O resultado disso tem sido a amplia\u00e7\u00e3o no grau de polariza\u00e7\u00e3o no interior do mercado de trabalho, com a queda acentuada dos postos de classe m\u00e9dia assalariada e a difus\u00e3o das ocupa\u00e7\u00f5es prec\u00e1rias na base da pir\u00e2mide social.<\/p>\n<p class=\"normal\">Em paralelo, o avan\u00e7o das posi\u00e7\u00f5es de alta e m\u00e9dia renda n\u00e3o assalariadas associada \u00e0 prolifera\u00e7\u00e3o de ocupa\u00e7\u00f5es por conta pr\u00f3pria, aut\u00f4noma e consultores. Todas cada vez mais distantes do sistema de prote\u00e7\u00e3o social e trabalhista, bem como contribuintes do sistema p\u00fablico de aposentadoria e pens\u00e3o.<\/p>\n<p class=\"normal\">A tend\u00eancia da especializa\u00e7\u00e3o produtiva segue cada vez mais forte. Dessa forma, a concentra\u00e7\u00e3o na produ\u00e7\u00e3o e exporta\u00e7\u00e3o de bens prim\u00e1rios (agroneg\u00f3cio), enquanto o pa\u00eds torna-se dependente das importa\u00e7\u00f5es de produtos manufaturados. Exemplo disso ocorreu em 2018, quando o n\u00edvel de produ\u00e7\u00e3o estava 5,1% menor e a produ\u00e7\u00e3o industrial quase 10% abaixo do ano de 2014, ao passo que o saldo comercial de produtos manufaturados foi 12,7% superior, o maior j\u00e1 registrado, diga-se de passagem, desde o ano 2000.<\/p>\n<p class=\"normal\">Em s\u00edntese, o Brasil regride rapidamente ao passado long\u00ednquo da Rep\u00fablica Velha (1889-1930), quando o padr\u00e3o de consumo do \u201candar de cima\u201d da sociedade encontrava-se totalmente descolado da estrutura produtiva do pa\u00eds, dependente da importa\u00e7\u00e3o de mercadorias tecnologicamente avan\u00e7adas a serem financiadas pela exporta\u00e7\u00e3o de mat\u00e9rias primas animais e vegetais.<\/p>\n<p class=\"normal\">Para a parte restante da popula\u00e7\u00e3o restaria o regime da quase servid\u00e3o e o subconsumo no mercado interno subutilizado, conforme parece ter sido impulsionado inicialmente por Temer e agora intensamente pelo governo Bolsonaro.<\/p>\n<p class=\"normal\"><img decoding=\"async\" class=\"image-left lazyloaded\" title=\"Marcio Pochmann\" src=\"https:\/\/www.redebrasilatual.com.br\/blogs\/blog-na-rede\/2019\/04\/gestao-do-estado-conduz-a-maioria-da-populacao-para-a-quase-servidao\/marcio-pochmann\" alt=\"Marcio Pochmann\" data-src=\"https:\/\/www.redebrasilatual.com.br\/blogs\/blog-na-rede\/2019\/04\/gestao-do-estado-conduz-a-maioria-da-populacao-para-a-quase-servidao\/marcio-pochmann\" \/><\/p>\n<\/div>\n<div class=\"newsview\">\u00a0<\/div>\n<\/div>\n<div id=\"viewlet-below-content-body\">\u00a0<\/div>\n","protected":false},"excerpt":{"rendered":"<p>A economia nacional encontra-se diante de ciclo profundamente vicioso instalado a partir de 2015, com a mais grave crise do capitalismo brasileiro. Quatro anos depois, o Produto Interno Bruto (PIB) segue 5,1% inferior, sendo os investimentos menores em 23,4% e o consumo das fam\u00edlias em 5,3%. A reorienta\u00e7\u00e3o imposta ao papel do Estado ajuda a [&hellip;]<\/p>\n","protected":false},"author":2,"featured_media":6485,"comment_status":"","ping_status":"","sticky":false,"template":"","format":"standard","meta":{"footnotes":""},"categories":[3],"tags":[],"class_list":["post-6486","post","type-post","status-publish","format-standard","has-post-thumbnail","hentry","category-noticias"],"_links":{"self":[{"href":"https:\/\/hostnetart.com.br\/baixada\/wp-json\/wp\/v2\/posts\/6486","targetHints":{"allow":["GET"]}}],"collection":[{"href":"https:\/\/hostnetart.com.br\/baixada\/wp-json\/wp\/v2\/posts"}],"about":[{"href":"https:\/\/hostnetart.com.br\/baixada\/wp-json\/wp\/v2\/types\/post"}],"author":[{"embeddable":true,"href":"https:\/\/hostnetart.com.br\/baixada\/wp-json\/wp\/v2\/users\/2"}],"replies":[{"embeddable":true,"href":"https:\/\/hostnetart.com.br\/baixada\/wp-json\/wp\/v2\/comments?post=6486"}],"version-history":[{"count":0,"href":"https:\/\/hostnetart.com.br\/baixada\/wp-json\/wp\/v2\/posts\/6486\/revisions"}],"wp:featuredmedia":[{"embeddable":true,"href":"https:\/\/hostnetart.com.br\/baixada\/wp-json\/wp\/v2\/media\/6485"}],"wp:attachment":[{"href":"https:\/\/hostnetart.com.br\/baixada\/wp-json\/wp\/v2\/media?parent=6486"}],"wp:term":[{"taxonomy":"category","embeddable":true,"href":"https:\/\/hostnetart.com.br\/baixada\/wp-json\/wp\/v2\/categories?post=6486"},{"taxonomy":"post_tag","embeddable":true,"href":"https:\/\/hostnetart.com.br\/baixada\/wp-json\/wp\/v2\/tags?post=6486"}],"curies":[{"name":"wp","href":"https:\/\/api.w.org\/{rel}","templated":true}]}}