{"id":6480,"date":"2019-04-15T13:01:13","date_gmt":"2019-04-15T16:01:13","guid":{"rendered":"https:\/\/hostnetart.com.br\/baixada\/caixa-contraf-cut-cobra-compromissos-e-defesa-do-banco-em-mesa-permanente\/"},"modified":"2019-04-15T13:01:13","modified_gmt":"2019-04-15T16:01:13","slug":"caixa-contraf-cut-cobra-compromissos-e-defesa-do-banco-em-mesa-permanente","status":"publish","type":"post","link":"https:\/\/hostnetart.com.br\/baixada\/caixa-contraf-cut-cobra-compromissos-e-defesa-do-banco-em-mesa-permanente\/","title":{"rendered":"Caixa: Contraf-CUT cobra compromissos e defesa do banco em mesa permanente"},"content":{"rendered":"<div class=\"elementor-element elementor-element-194680ec elementor-widget elementor-widget-theme-post-content\" data-id=\"194680ec\" data-element_type=\"widget\" data-widget_type=\"theme-post-content.default\">\n<div class=\"elementor-widget-container\">\n<p>Na primeira negocia\u00e7\u00e3o da mesa permanente ap\u00f3s a reuni\u00e3o com o presidente da Caixa, Pedro Guimar\u00e3es, a Confedera\u00e7\u00e3o dos Trabalhadores do Ramo Financeiro (Contraf-CUT), buscou garantir oficialmente os assuntos abordados com o executivo.<\/p>\n<p>Por isso, a contrata\u00e7\u00e3o de empregados, a retirada da participa\u00e7\u00e3o da Caixa no Conselho Curador do Fundo de Garantia Por Tempo de Servi\u00e7o (FGTS) e o ataque da dire\u00e7\u00e3o contra a imagem do banco p\u00fablico dominaram a pauta desta sexta-feira (12), em Bras\u00edlia (DF).<\/p>\n<p>A Comiss\u00e3o Executiva dos Empregados da Caixa (CEE\/Caixa) cobrou que a Caixa cumpra o compromisso, assumido pelo presidente do banco, de fazer novas contrata\u00e7\u00f5es at\u00e9 atingir o teto estabelecido pelo SEST de 87 mil empregados. A posi\u00e7\u00e3o dos representantes da Caixa foi de que n\u00e3o h\u00e1 nenhuma posi\u00e7\u00e3o oficial sobre contrata\u00e7\u00f5es e que o assunto ainda est\u00e1 em estudo, mas que havendo algo ser\u00e1 trazido para ser acordado em mesa.<\/p>\n<p>Para Dion\u00edsio Reis, coordenador da CEE, as medidas adotadas pela atual gest\u00e3o contradizem com as declara\u00e7\u00f5es do presidente Pedro Guimar\u00e3es de que defende o banco. \u201cO presidente do banco assumiu o compromisso em reuni\u00e3o com a entidade representativa dos trabalhadores de fazer novas contrata\u00e7\u00f5es, mas a informa\u00e7\u00e3o que nos foi dada na mesa \u00e9 de que est\u00e3o sendo feitos estudos, mas n\u00e3o tem nada de concreto. Enquanto isso, nas unidades, a rotina \u00e9 de sobrecarga de trabalho \u201d<\/p>\n<p>Os empregados tamb\u00e9m protestaram contra a redu\u00e7\u00e3o da participa\u00e7\u00e3o dos trabalhadores no Conselho Curador do Fundo de Garantia Por Tempo de Servi\u00e7o (FGTS) e a retirada da representa\u00e7\u00e3o do banco nesta inst\u00e2ncia. Com uma faixa em defesa do fundo, os representantes dos empregados destacaram a falta de posicionamento da dire\u00e7\u00e3o da Caixa sobre a medida. Na reuni\u00e3o, os representantes dos empregados voltaram a cobrar melhorias nas condi\u00e7\u00f5es de trabalho dos tesoureiros, respeito a jornada de trabalho nas ag\u00eancias digitais e melhorias no Sa\u00fade Caixa.<\/p>\n<p>A Caixa alegou que foi cumprida uma determina\u00e7\u00e3o do Minist\u00e9rio da Economia. \u201c O FGTS \u00e9 o principal fundo de investimento do pa\u00eds, s\u00e3o mais de 500 bilh\u00f5es e a Caixa que centralizou as contas a partir dos anos 1990, tornando-se agente operadora, n\u00e3o pode ser condizente com este desmando do governo, amea\u00e7ando um patrim\u00f4nio que \u00e9 o povo brasileiro\u201d, avaliou o dirigente.<\/p>\n<p>A Comiss\u00e3o tamb\u00e9m protestou contra exposi\u00e7\u00e3o da imagem da empresa. Segundo os representantes dos trabalhadores, antes mesmo dos n\u00fameros do balan\u00e7o terem sido divulgados oficialmente, a imprensa j\u00e1 divulgava informa\u00e7\u00f5es, cogitando inclusive provisionamento que implicaria na redu\u00e7\u00e3o do lucro do banco. \u201cIsso foi uma manobra midi\u00e1tica, que fragiliza o banco. Cobramos mais uma vez transpar\u00eancia na gest\u00e3o\u201d, disse o coordenador da CEE. Os representantes lembram ainda a redu\u00e7\u00e3o nos investimentos em marketing, que fortaleceram muito a imagem da empresa nos \u00faltimos anos. \u201cEm 2018, a Caixa foi o banco brasileiro com o menor investimento em publicidade. \u201c Apesar disso o presidente alegou que estava gastando muito e cortou o investimento para 2019 desvalorizando a imagem do banco\u201d<\/p>\n<p>Intervalo 30 minutos<\/p>\n<p>A Caixa anunciou que foi adiada do dia 15 para 22 de abril a implanta\u00e7\u00e3o do intervalo de 30 minutos para os empregados com jornada de seis horas. A amplia\u00e7\u00e3o do descanso, que antes era de 15 minutos, foi uma conquista do Acordo Coletivo de Trabalho 2018\/2020, com objetivo garantir a sa\u00fade dos trabalhadores. A CEE levou para mesa a reivindica\u00e7\u00e3o dos empregados de que o cumprimento do intervalo seja opcional.<\/p>\n<p>Ficou definido que o tema voltar\u00e1 a ser debatido na pr\u00f3xima reuni\u00e3o, par avaliar o impacto da aplica\u00e7\u00e3o do intervalo e eventuais demandas dos trabalhadores.<\/p>\n<p>Ag\u00eancias digitais<\/p>\n<p>A principal reivindica\u00e7\u00e3o da CEE foi o respeito a jornada de trabalho dos gerentes gerais dessas unidades, que segundo den\u00fancias encaminhadas aos sindicatos, chegam a trabalhar at\u00e9 12 horas. A comiss\u00e3o cobrou o registro de ponto desses trabalhadores.<\/p>\n<p>Em resposta a questionamentos sobre as condi\u00e7\u00f5es de trabalho nas ag\u00eancias digitais, a Caixa informou que est\u00e3o sendo cumpridas as normas previstas na NR 17.<\/p>\n<p>SA\u00daDE CAIXA<\/p>\n<p>Os representantes do banco se comprometeram a apresentar na pr\u00f3xima reuni\u00e3o do GT Sa\u00fade Caixa, que deve ocorrer em maio, os demonstrativos financeiros mais detalhados do plano de sa\u00fade. \u201c\u00c9 compromisso da Caixa que os comit\u00eas funcionar\u00e3o por Gipes e Repes e servir\u00e3o para ajudar os empregados nas demandas de atendimento n\u00e3o resolvidas. O compromisso \u00e9 de que at\u00e9 o final da pr\u00f3xima semana o banco encaminhar\u00e1 a rela\u00e7\u00e3o dos comit\u00eas de credenciamento e descredenciamento que est\u00e3o instalados. Nossa reivindica\u00e7\u00e3o \u00e9 que esses comit\u00eas sejam fortalecidos e nas regi\u00f5es que n\u00e3o tiver que a Caixa providencie sua imediata instala\u00e7\u00e3o. Queremos taposentados\u201d, explicou Dion\u00edsio Reis.<\/p>\n<p>As condi\u00e7\u00f5es de trabalho dos tesoureiros tamb\u00e9m foram ser debatidas na mesa de negocia\u00e7\u00e3o permanente. Representantes dos empregados relataram v\u00e1rios problemas, entre eles a redu\u00e7\u00e3o absurda do encaixa das unidades, meta de redu\u00e7\u00e3o de carro forte, o desvio de fun\u00e7\u00e3o e penaliza\u00e7\u00e3o dos trabalhadores que descumprem normas relativas \u00e0s suas atribui\u00e7\u00f5es por seguirem ordem da chefia. A Caixa se comprometeu a encaminhar aos gestores comunicado orientando que o normativo seja devidamente cumprido.<\/p>\n<p>A comiss\u00e3o orienta os sindicatos a realizarem reuni\u00f5es com os tesoureiros para debater propostas de melhorias das condi\u00e7\u00f5es de trabalho, a serem encaminhadas \u00e0 mesa de negocia\u00e7\u00e3o.<\/p>\n<p>A CEE\/Caixa tamb\u00e9m protestou contra o descomissionamento dos gerentes de Atendimento e Neg\u00f3cios PJ.\u00a0 Por conta do processo de verticaliza\u00e7\u00e3o, estes empregados que eram gerentes de Pessoa Jur\u00eddica, foram prejudicados. \u201cEst\u00e3o fazendo as mesmas atividades e ganhando menos\u201d, denunciou o coordenador da comiss\u00e3o. \u201cAgora, o requinte de crueldade do banco \u00e9 abrir PSI para as fun\u00e7\u00f5es que foram retiradas naquela restrutura\u00e7\u00e3o\u201d complementou.<\/p>\n<p>Cobrada sobre o fim da dota\u00e7\u00e3o de or\u00e7ament\u00e1ria de horas extras e do impedimento de empregados de ag\u00eancias ditas n\u00e3o doadoras participarem dos Processos Seletivos Internos (PSIs), a Caixa informou que as duas medidas ser\u00e3o mantidas.<\/p>\n<p>\u201cOs empregados devem se manter mobilizados em defesa da Caixa 100% publicar e por melhores condi\u00e7\u00f5es de trabalho e prontos para fazer um Conecef de muita luta\u201d, finalizou Dion\u00edsio, ao se referir ao 35\u00ba Congresso Nacional dos Empregados da Caixa Econ\u00f4mica Federal (Conecef), que ser\u00e1 realizado em 15 e 16 de junho em SP.<\/p>\n<p><strong>Fonte: Contraf-CUT<\/strong><\/p>\n<\/div>\n<\/div>\n","protected":false},"excerpt":{"rendered":"<p>Na primeira negocia\u00e7\u00e3o da mesa permanente ap\u00f3s a reuni\u00e3o com o presidente da Caixa, Pedro Guimar\u00e3es, a Confedera\u00e7\u00e3o dos Trabalhadores do Ramo Financeiro (Contraf-CUT), buscou garantir oficialmente os assuntos abordados com o executivo. Por isso, a contrata\u00e7\u00e3o de empregados, a retirada da participa\u00e7\u00e3o da Caixa no Conselho Curador do Fundo de Garantia Por Tempo de [&hellip;]<\/p>\n","protected":false},"author":2,"featured_media":6479,"comment_status":"","ping_status":"","sticky":false,"template":"","format":"standard","meta":{"footnotes":""},"categories":[3],"tags":[],"class_list":["post-6480","post","type-post","status-publish","format-standard","has-post-thumbnail","hentry","category-noticias"],"_links":{"self":[{"href":"https:\/\/hostnetart.com.br\/baixada\/wp-json\/wp\/v2\/posts\/6480","targetHints":{"allow":["GET"]}}],"collection":[{"href":"https:\/\/hostnetart.com.br\/baixada\/wp-json\/wp\/v2\/posts"}],"about":[{"href":"https:\/\/hostnetart.com.br\/baixada\/wp-json\/wp\/v2\/types\/post"}],"author":[{"embeddable":true,"href":"https:\/\/hostnetart.com.br\/baixada\/wp-json\/wp\/v2\/users\/2"}],"replies":[{"embeddable":true,"href":"https:\/\/hostnetart.com.br\/baixada\/wp-json\/wp\/v2\/comments?post=6480"}],"version-history":[{"count":0,"href":"https:\/\/hostnetart.com.br\/baixada\/wp-json\/wp\/v2\/posts\/6480\/revisions"}],"wp:featuredmedia":[{"embeddable":true,"href":"https:\/\/hostnetart.com.br\/baixada\/wp-json\/wp\/v2\/media\/6479"}],"wp:attachment":[{"href":"https:\/\/hostnetart.com.br\/baixada\/wp-json\/wp\/v2\/media?parent=6480"}],"wp:term":[{"taxonomy":"category","embeddable":true,"href":"https:\/\/hostnetart.com.br\/baixada\/wp-json\/wp\/v2\/categories?post=6480"},{"taxonomy":"post_tag","embeddable":true,"href":"https:\/\/hostnetart.com.br\/baixada\/wp-json\/wp\/v2\/tags?post=6480"}],"curies":[{"name":"wp","href":"https:\/\/api.w.org\/{rel}","templated":true}]}}