{"id":6478,"date":"2019-04-12T17:34:37","date_gmt":"2019-04-12T20:34:37","guid":{"rendered":"https:\/\/hostnetart.com.br\/baixada\/capitalizacao-da-previdencia-e-dinheiro-do-trabalhador-para-bancos-especularem\/"},"modified":"2019-04-12T17:34:37","modified_gmt":"2019-04-12T20:34:37","slug":"capitalizacao-da-previdencia-e-dinheiro-do-trabalhador-para-bancos-especularem","status":"publish","type":"post","link":"https:\/\/hostnetart.com.br\/baixada\/capitalizacao-da-previdencia-e-dinheiro-do-trabalhador-para-bancos-especularem\/","title":{"rendered":"Capitaliza\u00e7\u00e3o da previd\u00eancia \u00e9 dinheiro do trabalhador para bancos especularem"},"content":{"rendered":"<p>Se o sistema de <strong>capitaliza\u00e7\u00e3o<\/strong> para aposentadorias for aprovado, como desejam o presidente Jair Bolsonaro (PSL) e o ministro da Economia, Paulo Guedes, os trabalhadores v\u00e3o enfrentar a velhice <strong>na mais completa mis\u00e9ria<\/strong>, avalia o presidente da CUT, Vagner Freitas. Ele considera a medida como uma das mais perversas entre as previstas no projeto de &#8220;reforma&#8221; da Previd\u00eancia enviado ao Congresso.<\/p>\n<p>\u201cA capitaliza\u00e7\u00e3o significa acabar com o atual modelo solid\u00e1rio e de reparti\u00e7\u00e3o, que garante aos brasileiros o direito \u00e0 aposentadoria no final da vida, para jogar o futuro dos trabalhadores nas m\u00e3os dos bancos. Isso n\u00e3o podemos permitir\u201d, diz Vagner, <a class=\"external-link\" title=\"\" href=\"https:\/\/www.cut.org.br\/noticias\/cut-repudia-a-capitalizacao-da-previdencia-de-bolsonaro-diz-vagner-freitas-17f2\" target=\"_blank\" rel=\"noopener noreferrer\">em reportagem da jornalista Tatiana Melim<\/a>, publicada no portal da central.<\/p>\n<p>O modelo de capitaliza\u00e7\u00e3o funciona como uma esp\u00e9cie de poupan\u00e7a pessoal de cada trabalhador, que tem de depositar todos os meses um percentual do seu sal\u00e1rio em uma conta individual para conseguir se aposentar. A conta \u00e9\u00a0administrada por bancos, que cobram taxas de administra\u00e7\u00e3o e ainda podem utilizar parte do dinheiro para especular no mercado financeiro.<\/p>\n<p>No Brasil, o atual modelo de Previd\u00eancia \u00e9 chamado de reparti\u00e7\u00e3o, ou seja, quem est\u00e1 no mercado de trabalho contribui mensalmente ao INSS e garante o pagamento dos benef\u00edcios de quem j\u00e1 se aposentou. E todos contribuem: trabalhador, patr\u00e3o e governo. J\u00e1 no modelo de capitaliza\u00e7\u00e3o n\u00e3o existe a contribui\u00e7\u00e3o do empregador e nem a do Estado.<\/p>\n<p>Para o presidente da CUT, se j\u00e1 n\u00e3o \u00e9 f\u00e1cil se aposentar com as regras atuais, que garantem a contribui\u00e7\u00e3o do trabalhador, do governo e da empresa, ser\u00e1 praticamente imposs\u00edvel conseguir fazer uma poupan\u00e7a sozinho, ainda mais com as regras perversas do sistema financeiro que usa o dinheiro do trabalhador para especular.<\/p>\n<p>\u201cImagina o trabalhador que precisa se virar em um mercado de trabalho informal e desregulamentado pela reforma Trabalhista, com empregos prec\u00e1rios e longos per\u00edodos de desemprego. Como ele conseguir\u00e1 fazer uma poupan\u00e7a se falta dinheiro no final do m\u00eas?\u201d, questiona Vagner.<\/p>\n<p>\u00a0<\/p>\n<p><strong>Fonte: Rede Brasil Atual<\/strong><\/p>\n","protected":false},"excerpt":{"rendered":"<p>Se o sistema de capitaliza\u00e7\u00e3o para aposentadorias for aprovado, como desejam o presidente Jair Bolsonaro (PSL) e o ministro da Economia, Paulo Guedes, os trabalhadores v\u00e3o enfrentar a velhice na mais completa mis\u00e9ria, avalia o presidente da CUT, Vagner Freitas. Ele considera a medida como uma das mais perversas entre as previstas no projeto de [&hellip;]<\/p>\n","protected":false},"author":2,"featured_media":6477,"comment_status":"","ping_status":"","sticky":false,"template":"","format":"standard","meta":{"footnotes":""},"categories":[3],"tags":[],"class_list":["post-6478","post","type-post","status-publish","format-standard","has-post-thumbnail","hentry","category-noticias"],"_links":{"self":[{"href":"https:\/\/hostnetart.com.br\/baixada\/wp-json\/wp\/v2\/posts\/6478","targetHints":{"allow":["GET"]}}],"collection":[{"href":"https:\/\/hostnetart.com.br\/baixada\/wp-json\/wp\/v2\/posts"}],"about":[{"href":"https:\/\/hostnetart.com.br\/baixada\/wp-json\/wp\/v2\/types\/post"}],"author":[{"embeddable":true,"href":"https:\/\/hostnetart.com.br\/baixada\/wp-json\/wp\/v2\/users\/2"}],"replies":[{"embeddable":true,"href":"https:\/\/hostnetart.com.br\/baixada\/wp-json\/wp\/v2\/comments?post=6478"}],"version-history":[{"count":0,"href":"https:\/\/hostnetart.com.br\/baixada\/wp-json\/wp\/v2\/posts\/6478\/revisions"}],"wp:featuredmedia":[{"embeddable":true,"href":"https:\/\/hostnetart.com.br\/baixada\/wp-json\/wp\/v2\/media\/6477"}],"wp:attachment":[{"href":"https:\/\/hostnetart.com.br\/baixada\/wp-json\/wp\/v2\/media?parent=6478"}],"wp:term":[{"taxonomy":"category","embeddable":true,"href":"https:\/\/hostnetart.com.br\/baixada\/wp-json\/wp\/v2\/categories?post=6478"},{"taxonomy":"post_tag","embeddable":true,"href":"https:\/\/hostnetart.com.br\/baixada\/wp-json\/wp\/v2\/tags?post=6478"}],"curies":[{"name":"wp","href":"https:\/\/api.w.org\/{rel}","templated":true}]}}