{"id":6472,"date":"2019-04-11T18:07:22","date_gmt":"2019-04-11T21:07:22","guid":{"rendered":"https:\/\/hostnetart.com.br\/baixada\/reducao-da-desigualdade-social-passa-por-reforma-tributaria\/"},"modified":"2019-04-11T18:07:22","modified_gmt":"2019-04-11T21:07:22","slug":"reducao-da-desigualdade-social-passa-por-reforma-tributaria","status":"publish","type":"post","link":"https:\/\/hostnetart.com.br\/baixada\/reducao-da-desigualdade-social-passa-por-reforma-tributaria\/","title":{"rendered":"Redu\u00e7\u00e3o da desigualdade social passa por reforma tribut\u00e1ria"},"content":{"rendered":"<p>Para o Brasil avan\u00e7ar no combate da\u00a0<strong>desigualdade social<\/strong>, o debate deve ser pautado na aten\u00e7\u00e3o aos vulner\u00e1veis e na reforma tribut\u00e1ria. Essa\u00a0foi a avalia\u00e7\u00e3o feita pela\u00a0economista e pesquisadora da Universidade Federal de Minas Gerais (UFMG) Luana Passos,\u00a0<a class=\"external-link\" title=\"\" href=\"http:\/\/Para%20progredir,%20Brasil%20deve%20buscar%20redu%C3%A7%C3%A3o%20da%20desigualdade\/\" target=\"_blank\" rel=\"noopener noreferrer\">sobre o estudo da Ofxam Brasil<\/a>,\u00a0divulgado nesta segunda-feira (8).\u00a0Junto com diversos especialistas, Luana participou de semin\u00e1rio na ter\u00e7a (9), em S\u00e3o Paulo, na qual abordou diversos\u00a0pontos de vista sobre as desigualdades de classes no pa\u00eds, conforme mostra reportagem de Beatriz Ramos, da\u00a0<strong>R\u00e1dio Brasil Atual<\/strong>.<\/p>\n<p>Luana tamb\u00e9m acredita que uma\u00a0<a class=\"internal-link\" title=\"\" href=\"https:\/\/www.redebrasilatual.com.br\/politica\/2018\/04\/reforma-tributaria-menos-impostos-sobre-consumo-e-mais-justica-fiscal\" target=\"_blank\" rel=\"noopener noreferrer\">reforma tribut\u00e1ria<\/a>\u00a0\u00e9 imprescind\u00edvel para a redu\u00e7\u00e3o das desigualdades sociais. &#8220;A maior parte da tributa\u00e7\u00e3o brasileira \u00e9 indireta, sobre bens e servi\u00e7os, o que tem um efeito regressivo e refor\u00e7a a desigualdade. Se voc\u00ea quer enfrentar isso, reforma o sistema tribut\u00e1rio para que tenha impacto progressivo&#8221;, criticou.<\/p>\n<p>&#8220;A mulher tem menos tempo dispon\u00edvel para trabalhos, pois ela assume os compromissos dom\u00e9sticos. Ainda tem o cuidado aos idosos, na qual a sociedade brasileira n\u00e3o est\u00e1 preocupada. H\u00e1 um cruzamento de vulnerabilidade e, n\u00f3s, mulheres negras, estamos em uma situa\u00e7\u00e3o pior comparado a outros grupos&#8221;, disse a economista.<\/p>\n<p>A pesquisa da Oxfam mostra que\u00a0a vis\u00e3o de que negros ganham menos do que brancos no trabalho por serem negros passou de 46% para 52%. Al\u00e9m disso, a\u00a0propor\u00e7\u00e3o de pessoas que acreditavam que\u00a0<a class=\"internal-link\" title=\"\" href=\"https:\/\/www.redebrasilatual.com.br\/economia\/2019\/03\/mulher-ganha-20-a-menos-mas-diferenca-pode-ser-ainda-maior\" target=\"_blank\" rel=\"noopener noreferrer\">mulheres ganhavam menos<\/a>\u00a0do que homens no mercado de trabalho simplesmente por serem mulheres passou de 57%, em 2017, para 64%.<\/p>\n<p>J\u00e1 na vis\u00e3o de Flavia Oliveira, jornalista especialista em economia, a desigualdade ocorre tamb\u00e9m na transfer\u00eancia de renda dentro das fam\u00edlias pobres e negras.\u00a0&#8220;Nem um grupo da sociedade faz mais pol\u00edtica p\u00fablica de transfer\u00eancia de renda do que as mulheres e o povo negro. N\u00f3s fazemos desde quando nascemos, quando trabalhamos desde a inf\u00e2ncia. Trabalho infantil tamb\u00e9m \u00e9 transfer\u00eancia de renda. Todas as pol\u00edticas p\u00fablicas nascem no esfor\u00e7o instant\u00e2neo dessa popula\u00e7\u00e3o que se ajuda e montam redes de solidariedade&#8221;, comentou.<\/p>\n<p>O estudo avaliou 10 medidas priorit\u00e1rias para a redu\u00e7\u00e3o de desigualdades. A redu\u00e7\u00e3o da corrup\u00e7\u00e3o ficou em primeiro lugar na pesquisa, como a medida mais importante. O investimento p\u00fablico em sa\u00fade e educa\u00e7\u00e3o permaneceram em segundo e em terceiro lugar respectivamente.<\/p>\n<p>Nas \u00faltimas coloca\u00e7\u00f5es, a pesquisa revelou que os brasileiros veem a cobran\u00e7a de impostos dos mais ricos e o investimento em assist\u00eancia social como as ferramentas menos importantes para diminuir a dist\u00e2ncia entre os mais ricos e os mais pobres.<\/p>\n<p>A pesquisadora acrescenta que os resultados demonstram baixa ades\u00e3o a um projeto de um Estado m\u00ednimo para o Brasil, defendido pelo candidato vencedor na \u00faltima elei\u00e7\u00e3o. &#8220;Os dados que mostram que os brasileiros s\u00e3o favor\u00e1veis \u00e0s medidas redistributivas. Ao contr\u00e1rio do que era esperado, dentro da elei\u00e7\u00e3o de Bolsonaro, a popula\u00e7\u00e3o aumentou ainda mais o apoio para a distribui\u00e7\u00e3o de renda&#8221;, afirmou Luana.<\/p>\n<p>A cientista pol\u00edtica e pesquisadora da Universidade de S\u00e3o Paulo (USP) Marta Arretche critica a isen\u00e7\u00e3o de dividendos. &#8220;\u00c9 um enorme fator de desigualdade no Brasil, que ainda reduz a receita dos governos, que poderia arrecadar U$ 40 bilh\u00f5es. Os indiv\u00edduos que ganham uma renda anual de R$ 1,2 milh\u00e3o s\u00e3o os mais beneficiados por essa medida&#8221;, explicou.<\/p>\n<p>\u00a0<\/p>\n<p><strong>Fonte: Rede Brasil Atual<\/strong><\/p>\n","protected":false},"excerpt":{"rendered":"<p>Para o Brasil avan\u00e7ar no combate da\u00a0desigualdade social, o debate deve ser pautado na aten\u00e7\u00e3o aos vulner\u00e1veis e na reforma tribut\u00e1ria. Essa\u00a0foi a avalia\u00e7\u00e3o feita pela\u00a0economista e pesquisadora da Universidade Federal de Minas Gerais (UFMG) Luana Passos,\u00a0sobre o estudo da Ofxam Brasil,\u00a0divulgado nesta segunda-feira (8).\u00a0Junto com diversos especialistas, Luana participou de semin\u00e1rio na ter\u00e7a (9), [&hellip;]<\/p>\n","protected":false},"author":2,"featured_media":6471,"comment_status":"","ping_status":"","sticky":false,"template":"","format":"standard","meta":{"footnotes":""},"categories":[3],"tags":[],"class_list":["post-6472","post","type-post","status-publish","format-standard","has-post-thumbnail","hentry","category-noticias"],"_links":{"self":[{"href":"https:\/\/hostnetart.com.br\/baixada\/wp-json\/wp\/v2\/posts\/6472","targetHints":{"allow":["GET"]}}],"collection":[{"href":"https:\/\/hostnetart.com.br\/baixada\/wp-json\/wp\/v2\/posts"}],"about":[{"href":"https:\/\/hostnetart.com.br\/baixada\/wp-json\/wp\/v2\/types\/post"}],"author":[{"embeddable":true,"href":"https:\/\/hostnetart.com.br\/baixada\/wp-json\/wp\/v2\/users\/2"}],"replies":[{"embeddable":true,"href":"https:\/\/hostnetart.com.br\/baixada\/wp-json\/wp\/v2\/comments?post=6472"}],"version-history":[{"count":0,"href":"https:\/\/hostnetart.com.br\/baixada\/wp-json\/wp\/v2\/posts\/6472\/revisions"}],"wp:featuredmedia":[{"embeddable":true,"href":"https:\/\/hostnetart.com.br\/baixada\/wp-json\/wp\/v2\/media\/6471"}],"wp:attachment":[{"href":"https:\/\/hostnetart.com.br\/baixada\/wp-json\/wp\/v2\/media?parent=6472"}],"wp:term":[{"taxonomy":"category","embeddable":true,"href":"https:\/\/hostnetart.com.br\/baixada\/wp-json\/wp\/v2\/categories?post=6472"},{"taxonomy":"post_tag","embeddable":true,"href":"https:\/\/hostnetart.com.br\/baixada\/wp-json\/wp\/v2\/tags?post=6472"}],"curies":[{"name":"wp","href":"https:\/\/api.w.org\/{rel}","templated":true}]}}