{"id":6460,"date":"2019-04-11T13:50:36","date_gmt":"2019-04-11T16:50:36","guid":{"rendered":"https:\/\/hostnetart.com.br\/baixada\/reforma-da-previdencia-e-rejeitada-por-51-da-populacao-diz-datafolha\/"},"modified":"2019-04-11T13:50:36","modified_gmt":"2019-04-11T16:50:36","slug":"reforma-da-previdencia-e-rejeitada-por-51-da-populacao-diz-datafolha","status":"publish","type":"post","link":"https:\/\/hostnetart.com.br\/baixada\/reforma-da-previdencia-e-rejeitada-por-51-da-populacao-diz-datafolha\/","title":{"rendered":"&#8216;Reforma&#8217; da Previd\u00eancia \u00e9 rejeitada por 51% da popula\u00e7\u00e3o, diz Datafolha"},"content":{"rendered":"<p>A &#8220;<strong><a class=\"external-link\" title=\"\" href=\"http:\/\/minhaaposentadoria.net.br\/\" target=\"_blank\" rel=\"noopener noreferrer\">reforma&#8221; da Previd\u00eancia<\/a><\/strong>\u00a0proposta por Jair Bolsonaro \u00e9 rejeitada por 51% dos brasileiros, mostra pesquisa\u00a0<a class=\"external-link\" title=\"\" href=\"https:\/\/www1.folha.uol.com.br\/mercado\/2019\/04\/51-sao-contra-reforma-da-previdencia-indica-datafolha.shtml\" target=\"_blank\" rel=\"noopener noreferrer\">Datafolha<\/a>, publicada nesta quarta-feira (10). S\u00e3o favor\u00e1veis \u00e0 proposta 41%, enquanto 2% se dizem indiferentes e 7% n\u00e3o souberam responder.<\/p>\n<p>As\u00a0<a class=\"internal-link\" title=\"\" href=\"https:\/\/www.redebrasilatual.com.br\/trabalho\/2019\/04\/cut-vox-65-reprovam-reforma-da-previdencia-de-bolsonaro\" target=\"_blank\" rel=\"noopener noreferrer\">mulheres s\u00e3o as maiores opositoras<\/a>\u00a0\u00e0 reforma: 56%.\u00a0Atualmente, elas se aposentam ao 60 anos, com m\u00ednimo de 15 anos de contribui\u00e7\u00e3o. A proposta de Bolsonaro aumenta a idade m\u00ednima para 62 anos, al\u00e9m de pelo menos 20 anos de contribui\u00e7\u00e3o.<\/p>\n<p>J\u00e1 entre homens, 48% se dizem a favor e 45% contra, um empate t\u00e9cnico \u2013 dentro da margem de erro, de dois pontos. Para conseguir a aposentadoria integral, os trabalhadores ter\u00e3o de contribuir por 40 anos.<\/p>\n<p>A maior rejei\u00e7\u00e3o, de 63%, aparece entre funcion\u00e1rios p\u00fablicos. E o maior apoio entre as pessoas\u00a0de renda familiar acima de 10 sal\u00e1rios m\u00ednimos (R$ 9.998 em 2019): 50% apoiam a reforma e 47%, s\u00e3o contra.<\/p>\n<p>Pesquisa\u00a0<strong>Vox Populi<\/strong>\u00a0divulgada ontem\u00a0<a class=\"internal-link\" title=\"\" href=\"https:\/\/www.redebrasilatual.com.br\/trabalho\/2019\/04\/cut-vox-65-reprovam-reforma-da-previdencia-de-bolsonaro\" target=\"_blank\" rel=\"noopener noreferrer\">aponta para rejei\u00e7\u00e3o ainda maior<\/a>\u00a0\u00e0 reforma: 65% dos brasileiros s\u00e3o contr\u00e1rios \u00e0 Proposta de Emenda \u00e0 Constitui\u00e7\u00e3o (PEC) 6\/2019, enquanto 26% se disseram favor\u00e1veis e outros 9% n\u00e3o souberam responder.<\/p>\n<h3>Mudan\u00e7as rejeitadas<\/h3>\n<p>Alguns pontos espec\u00edficos da\u00a0<a class=\"internal-link\" title=\"\" href=\"https:\/\/www.redebrasilatual.com.br\/trabalho\/2019\/04\/para-presidente-da-comissao-da-oab-reforma-da-previdencia-inconstitucional\" target=\"_blank\" rel=\"noopener noreferrer\">proposta de Bolsonaro s\u00e3o ainda mais rejeitados<\/a>: a maioria \u00e9 contra as idades m\u00ednimas. 65% das mulheres se dizem contra os 62 anos de idade para se aposentar, enquanto 53% dos homens se op\u00f5em a mudan\u00e7a para 65 anos.<\/p>\n<p>Tamb\u00e9m h\u00e1 maioria contr\u00e1ria a contribuir 40 anos para a aposentadoria integral: 60% rejeitam.\u00a0 mas 66% s\u00e3o favor\u00e1veis a cobrar al\u00edquotas mais altas de servidores que ganham mais e 72% a limitar a aposentadoria do servidor pelo teto do INSS (limite que j\u00e1 existe desde 2013 para servidores federais e de estados e munic\u00edpios com previd\u00eancia complementar).<\/p>\n<p>O Datafolha mostra que 68% dos brasileiros dizem ter conhecimento da proposta de reforma e s\u00f3 17% se dizem bem informados.\u00a0A oposi\u00e7\u00e3o \u00e0 reforma \u00e9 maior entre os pouco informados: 62% s\u00e3o contr\u00e1rios \u00e0s mudan\u00e7as. Entretanto, tamb\u00e9m se op\u00f5em: 55% dos bem informados, 54% dos mais ou menos informados e 41% dos que n\u00e3o tomaram conhecimento.<\/p>\n<p>\u00a0<\/p>\n<p><strong>Fonte: Rede Brasil Atual<\/strong><\/p>\n","protected":false},"excerpt":{"rendered":"<p>A &#8220;reforma&#8221; da Previd\u00eancia\u00a0proposta por Jair Bolsonaro \u00e9 rejeitada por 51% dos brasileiros, mostra pesquisa\u00a0Datafolha, publicada nesta quarta-feira (10). S\u00e3o favor\u00e1veis \u00e0 proposta 41%, enquanto 2% se dizem indiferentes e 7% n\u00e3o souberam responder. As\u00a0mulheres s\u00e3o as maiores opositoras\u00a0\u00e0 reforma: 56%.\u00a0Atualmente, elas se aposentam ao 60 anos, com m\u00ednimo de 15 anos de contribui\u00e7\u00e3o. A [&hellip;]<\/p>\n","protected":false},"author":2,"featured_media":6459,"comment_status":"","ping_status":"","sticky":false,"template":"","format":"standard","meta":{"footnotes":""},"categories":[3],"tags":[],"class_list":["post-6460","post","type-post","status-publish","format-standard","has-post-thumbnail","hentry","category-noticias"],"_links":{"self":[{"href":"https:\/\/hostnetart.com.br\/baixada\/wp-json\/wp\/v2\/posts\/6460","targetHints":{"allow":["GET"]}}],"collection":[{"href":"https:\/\/hostnetart.com.br\/baixada\/wp-json\/wp\/v2\/posts"}],"about":[{"href":"https:\/\/hostnetart.com.br\/baixada\/wp-json\/wp\/v2\/types\/post"}],"author":[{"embeddable":true,"href":"https:\/\/hostnetart.com.br\/baixada\/wp-json\/wp\/v2\/users\/2"}],"replies":[{"embeddable":true,"href":"https:\/\/hostnetart.com.br\/baixada\/wp-json\/wp\/v2\/comments?post=6460"}],"version-history":[{"count":0,"href":"https:\/\/hostnetart.com.br\/baixada\/wp-json\/wp\/v2\/posts\/6460\/revisions"}],"wp:featuredmedia":[{"embeddable":true,"href":"https:\/\/hostnetart.com.br\/baixada\/wp-json\/wp\/v2\/media\/6459"}],"wp:attachment":[{"href":"https:\/\/hostnetart.com.br\/baixada\/wp-json\/wp\/v2\/media?parent=6460"}],"wp:term":[{"taxonomy":"category","embeddable":true,"href":"https:\/\/hostnetart.com.br\/baixada\/wp-json\/wp\/v2\/categories?post=6460"},{"taxonomy":"post_tag","embeddable":true,"href":"https:\/\/hostnetart.com.br\/baixada\/wp-json\/wp\/v2\/tags?post=6460"}],"curies":[{"name":"wp","href":"https:\/\/api.w.org\/{rel}","templated":true}]}}