{"id":646,"date":"2015-02-04T16:48:00","date_gmt":"2015-02-04T18:48:00","guid":{"rendered":"https:\/\/hostnetart.com.br\/baixada\/itau-obtem-lucro-de-r-20-6-bi-e-contraf-cut-cobra-antecipacao-da-plr\/"},"modified":"2015-02-04T16:48:00","modified_gmt":"2015-02-04T18:48:00","slug":"itau-obtem-lucro-de-r-20-6-bi-e-contraf-cut-cobra-antecipacao-da-plr","status":"publish","type":"post","link":"https:\/\/hostnetart.com.br\/baixada\/itau-obtem-lucro-de-r-20-6-bi-e-contraf-cut-cobra-antecipacao-da-plr\/","title":{"rendered":"Ita\u00fa obt\u00e9m lucro de R$ 20,6 bi e Contraf-CUT cobra antecipa\u00e7\u00e3o da PLR"},"content":{"rendered":"<p><span style=\"color: #464646;\">O Ita\u00fa anunciou na manh\u00e3 desta ter\u00e7a-feira (3) lucro l\u00edquido recorrente de R$ 20,6 bilh\u00f5es em 2014, o que representa crescimento de 30,2% em rela\u00e7\u00e3o ao ano anterior. O lucro no 4\u00ba trimestre do ano passado foi de R$ 5,7 bilh\u00f5es, com alta de 3,7% em rela\u00e7\u00e3o ao trimestre anterior.<\/span><br style=\"color: #464646;\" \/><br style=\"color: #464646;\" \/><span style=\"color: #464646;\">&gt; Clique\u00a0<\/span><a style=\"color: #969696;\" href=\"http:\/\/www.contrafcut.org.br\/download\/Arquivo\/152319401.pdf\" target=\"_blank\" rel=\"noopener noreferrer\">aqui<\/a><span style=\"color: #464646;\">\u00a0para ver a an\u00e1lise do Dieese.<\/span><br style=\"color: #464646;\" \/><br style=\"color: #464646;\" \/><b style=\"color: #464646;\">Antecipa\u00e7\u00e3o da PLR<\/b><br style=\"color: #464646;\" \/><br style=\"color: #464646;\" \/><span style=\"color: #464646;\">Logo ap\u00f3s a divulga\u00e7\u00e3o do balan\u00e7o, a Contraf-CUT enviou of\u00edcio \u00e0 diretoria do banco reivindicando a antecipa\u00e7\u00e3o do pagamento da segunda parte da Participa\u00e7\u00e3o nos Lucros e Resultados (PLR), o mais breve poss\u00edvel.<\/span><br style=\"color: #464646;\" \/><br style=\"color: #464646;\" \/><span style=\"color: #464646;\">O presidente da Contraf-CUT, Carlos Cordeiro, ressalta que \u201cesse lucro bilion\u00e1rio s\u00f3 foi alcan\u00e7ado com o empenho e a dedica\u00e7\u00e3o dos funcion\u00e1rios do banco\u201d. Na carta, a entidade informou que o Bradesco j\u00e1 anunciou que vai antecipar o cr\u00e9dito da PLR para a pr\u00f3xima sexta-feira (6).\u00a0<\/span><br style=\"color: #464646;\" \/><br style=\"color: #464646;\" \/><b style=\"color: #464646;\">Lucratividade em alta, emprego em queda<\/b><br style=\"color: #464646;\" \/><br style=\"color: #464646;\" \/><span style=\"color: #464646;\">Segundo a an\u00e1lise do Dieese, a lucratividade (lucro l\u00edquido sobre patrim\u00f4nio l\u00edquido) foi de 24,7%, uma alta de 0,8 ponto percentual (p.p.) em rela\u00e7\u00e3o a dezembro de 2013.<\/span><br style=\"color: #464646;\" \/><br style=\"color: #464646;\" \/><span style=\"color: #464646;\">Apesar disso, o n\u00famero de empregados da holding do Ita\u00fa em dezembro de 2014 caiu para 93.175, uma redu\u00e7\u00e3o de 2,6% do quadro de pessoal. Ao todo, foram fechados 2.521 postos de trabalho em 12 meses.\u00a0<\/span><br style=\"color: #464646;\" \/><br style=\"color: #464646;\" \/><span style=\"color: #464646;\">\u201cCom todo esse imenso lucro, \u00e9 totalmente injustific\u00e1vel esse fechamento de vagas, enquanto o Brasil gerou 396.993 novos empregos em 2014. O Ita\u00fa caminha assim na contram\u00e3o da economia do pa\u00eds\u201d, critica Carlos Cordeiro.<\/span><br style=\"color: #464646;\" \/><br style=\"color: #464646;\" \/><span style=\"color: #464646;\">A rede de atendimento do Ita\u00fa em 2014 passou a contar com 56 novas ag\u00eancias. Entretanto, foram fechados 11 PAB\u2019s.\u00a0<\/span><br style=\"color: #464646;\" \/><br style=\"color: #464646;\" \/><span style=\"color: #464646;\">J\u00e1 o n\u00famero de correspondentes banc\u00e1rios foi de 41.641 em dezembro de 2014, uma leve diminui\u00e7\u00e3o de 31 unidades, mostrando que o banco segue apostando na precariza\u00e7\u00e3o do atendimento.<\/span><br style=\"color: #464646;\" \/><br style=\"color: #464646;\" \/><b style=\"color: #464646;\">Mais cr\u00e9dito<\/b><br style=\"color: #464646;\" \/><br style=\"color: #464646;\" \/><span style=\"color: #464646;\">A carteira de cr\u00e9dito do banco cresceu 8,0% em 12 meses, atingindo um montante de R$ 559,7 bilh\u00f5es. As opera\u00e7\u00f5es com pessoas f\u00edsicas aumentaram 10,4% em 2014, chegando a R$ 186,2 bilh\u00f5es.\u00a0<\/span><br style=\"color: #464646;\" \/><br style=\"color: #464646;\" \/><span style=\"color: #464646;\">J\u00e1 as opera\u00e7\u00f5es com pessoas jur\u00eddicas alcan\u00e7aram R$ 295,4 bilh\u00f5es, com eleva\u00e7\u00e3o de 7,2% em compara\u00e7\u00e3o a dezembro de 2013.\u00a0<\/span><br style=\"color: #464646;\" \/><br style=\"color: #464646;\" \/><b style=\"color: #464646;\">Inadimpl\u00eancia cai<\/b><br style=\"color: #464646;\" \/><br style=\"color: #464646;\" \/><span style=\"color: #464646;\">O \u00edndice de inadimpl\u00eancia superior a 90 dias apresentou queda de 0,6 p.p. no ano, ficando em 3,1% no 4\u00ba trimestre de 2014.\u00a0<\/span><br style=\"color: #464646;\" \/><br style=\"color: #464646;\" \/><span style=\"color: #464646;\">Apesar da redu\u00e7\u00e3o da inadimpl\u00eancia, as provis\u00f5es para cr\u00e9ditos de liquida\u00e7\u00e3o duvidosa (PDD\u2019s) subiram 4,5%, totalizando R$ 14,2 bilh\u00f5es.\u00a0<\/span><br style=\"color: #464646;\" \/><br style=\"color: #464646;\" \/><b style=\"color: #464646;\">Maiores ganhos com aumento da Selic<\/b><br style=\"color: #464646;\" \/><br style=\"color: #464646;\" \/><span style=\"color: #464646;\">As receitas com T\u00edtulos e Valores Mobili\u00e1rios e com Aplica\u00e7\u00f5es Compuls\u00f3rias foram impactadas pelos sucessivos aumentos na taxa Selic. As receitas com TVM cresceram 54,5% e as receitas das aplica\u00e7\u00f5es compuls\u00f3rias cresceram 33,1%, em doze meses.<\/span><br style=\"color: #464646;\" \/><br style=\"color: #464646;\" \/><span style=\"color: #464646;\">\u201cEsses \u00edndices de crescimento comprovam que os bancos e detentores de t\u00edtulos p\u00fablicos s\u00e3o os que saem ganhando com o aumento da Selic, enquanto a sociedade perde valiosos recursos que deveriam ser injetados no crescimento com desenvolvimento econ\u00f4mico e social do pa\u00eds\u201d, aponta o presidente da Contraf-CUT.<\/span><br style=\"color: #464646;\" \/><br style=\"color: #464646;\" \/><b style=\"color: #464646;\">Receitas de tarifas sobem 15,3% e cobrem despesas de pessoal<\/b><br style=\"color: #464646;\" \/><br style=\"color: #464646;\" \/><span style=\"color: #464646;\">As receitas com presta\u00e7\u00e3o de servi\u00e7os mais a renda das tarifas banc\u00e1rias cresceram 15,3% no ano passado em rela\u00e7\u00e3o a 2013, somando R$ 27,7 bilh\u00f5es, enquanto as despesas de pessoal subiram 7,3%, totalizando R$ 16,4 bilh\u00f5es.\u00a0<\/span><br style=\"color: #464646;\" \/><br style=\"color: #464646;\" \/><span style=\"color: #464646;\">Diante disso, a cobertura das despesas de pessoal pelas receitas secund\u00e1rias do banco foi de 168,7%, o que representa 11,7 p.p. a mais que em dezembro de 2013.<\/span><br style=\"color: #464646;\" \/><br style=\"color: #464646;\" \/><br style=\"color: #464646;\" \/><span style=\"color: #464646;\">Fonte: Contraf-CUT com Dieese<\/span><\/p>\n","protected":false},"excerpt":{"rendered":"<p>O Ita\u00fa anunciou na manh\u00e3 desta ter\u00e7a-feira (3) lucro l\u00edquido recorrente de R$ 20,6 bilh\u00f5es em 2014, o que representa crescimento de 30,2% em rela\u00e7\u00e3o ao ano anterior. O lucro no 4\u00ba trimestre do ano passado foi de R$ 5,7 bilh\u00f5es, com alta de 3,7% em rela\u00e7\u00e3o ao trimestre anterior.&gt; Clique\u00a0aqui\u00a0para ver a an\u00e1lise do [&hellip;]<\/p>\n","protected":false},"author":1,"featured_media":0,"comment_status":"","ping_status":"","sticky":false,"template":"","format":"standard","meta":{"footnotes":""},"categories":[3],"tags":[],"class_list":["post-646","post","type-post","status-publish","format-standard","hentry","category-noticias"],"_links":{"self":[{"href":"https:\/\/hostnetart.com.br\/baixada\/wp-json\/wp\/v2\/posts\/646","targetHints":{"allow":["GET"]}}],"collection":[{"href":"https:\/\/hostnetart.com.br\/baixada\/wp-json\/wp\/v2\/posts"}],"about":[{"href":"https:\/\/hostnetart.com.br\/baixada\/wp-json\/wp\/v2\/types\/post"}],"author":[{"embeddable":true,"href":"https:\/\/hostnetart.com.br\/baixada\/wp-json\/wp\/v2\/users\/1"}],"replies":[{"embeddable":true,"href":"https:\/\/hostnetart.com.br\/baixada\/wp-json\/wp\/v2\/comments?post=646"}],"version-history":[{"count":0,"href":"https:\/\/hostnetart.com.br\/baixada\/wp-json\/wp\/v2\/posts\/646\/revisions"}],"wp:attachment":[{"href":"https:\/\/hostnetart.com.br\/baixada\/wp-json\/wp\/v2\/media?parent=646"}],"wp:term":[{"taxonomy":"category","embeddable":true,"href":"https:\/\/hostnetart.com.br\/baixada\/wp-json\/wp\/v2\/categories?post=646"},{"taxonomy":"post_tag","embeddable":true,"href":"https:\/\/hostnetart.com.br\/baixada\/wp-json\/wp\/v2\/tags?post=646"}],"curies":[{"name":"wp","href":"https:\/\/api.w.org\/{rel}","templated":true}]}}