{"id":6454,"date":"2019-04-10T14:59:38","date_gmt":"2019-04-10T17:59:38","guid":{"rendered":"https:\/\/hostnetart.com.br\/baixada\/hoje-tem-negociacao-sobre-igualdade-de-oportunidades\/"},"modified":"2019-04-10T14:59:38","modified_gmt":"2019-04-10T17:59:38","slug":"hoje-tem-negociacao-sobre-igualdade-de-oportunidades","status":"publish","type":"post","link":"https:\/\/hostnetart.com.br\/baixada\/hoje-tem-negociacao-sobre-igualdade-de-oportunidades\/","title":{"rendered":"Hoje tem negocia\u00e7\u00e3o sobre igualdade de oportunidades"},"content":{"rendered":"<p>O Comando Nacional dos Banc\u00e1rios se re\u00fane, nesta quarta-feira \u00e0 tarde (10), em S\u00e3o Paulo, com a Federa\u00e7\u00e3o Nacional dos Bancos (Fenaban) na mesa de negocia\u00e7\u00f5es de Igualdade de Oportunidades.<\/p>\n<p>Na\u00a0<a href=\"https:\/\/contrafcut.com.br\/noticias\/censo-da-diversidade\/\" target=\"_blank\" rel=\"noopener noreferrer\">reuni\u00e3o passada<\/a>, ocorrida no dia 12 de mar\u00e7o, ficou acertado que os bancos trariam para este encontro um cronograma de trabalho para a elabora\u00e7\u00e3o e execu\u00e7\u00e3o do 3\u00ba Censo da Diversidade, que ser\u00e1 mais abrangente para, al\u00e9m de permitir que o levantamento de dados se torne uma ferramenta de forma\u00e7\u00e3o e de mudan\u00e7a da cultura discriminat\u00f3ria, que ainda persiste no sistema financeiro e na sociedade brasileira.<\/p>\n<p>Na ocasi\u00e3o, a presidenta da Confedera\u00e7\u00e3o Nacional dos Trabalhadores do Ramo Financeiro (Contraf-CUT), Juvandia Moreira, que tamb\u00e9m \u00e9 coordenadora do Comando Nacional, disse que a mudan\u00e7a do car\u00e1ter do Censo permitir\u00e1 a capacita\u00e7\u00e3o da categoria e possibilitar\u00e1 que cada banc\u00e1rio se torne agente da diversidade, do respeito e da igualdade em toda a sociedade, inclusive nos locais de trabalho.<\/p>\n<p>Os bancos tamb\u00e9m ficaram de responder nesta reuni\u00e3o sobre a proposta de cria\u00e7\u00e3o de um canal de atendimento \u00e0s banc\u00e1rias v\u00edtimas de viol\u00eancia, seja ela dom\u00e9stica, ou em outros ambientes sociais, inclusive no trabalho.<\/p>\n<p>\u00a0<\/p>\n<p><strong>Fonte: Contraf-CUT<\/strong><\/p>\n","protected":false},"excerpt":{"rendered":"<p>O Comando Nacional dos Banc\u00e1rios se re\u00fane, nesta quarta-feira \u00e0 tarde (10), em S\u00e3o Paulo, com a Federa\u00e7\u00e3o Nacional dos Bancos (Fenaban) na mesa de negocia\u00e7\u00f5es de Igualdade de Oportunidades. Na\u00a0reuni\u00e3o passada, ocorrida no dia 12 de mar\u00e7o, ficou acertado que os bancos trariam para este encontro um cronograma de trabalho para a elabora\u00e7\u00e3o e [&hellip;]<\/p>\n","protected":false},"author":2,"featured_media":6453,"comment_status":"","ping_status":"","sticky":false,"template":"","format":"standard","meta":{"footnotes":""},"categories":[3],"tags":[],"class_list":["post-6454","post","type-post","status-publish","format-standard","has-post-thumbnail","hentry","category-noticias"],"_links":{"self":[{"href":"https:\/\/hostnetart.com.br\/baixada\/wp-json\/wp\/v2\/posts\/6454","targetHints":{"allow":["GET"]}}],"collection":[{"href":"https:\/\/hostnetart.com.br\/baixada\/wp-json\/wp\/v2\/posts"}],"about":[{"href":"https:\/\/hostnetart.com.br\/baixada\/wp-json\/wp\/v2\/types\/post"}],"author":[{"embeddable":true,"href":"https:\/\/hostnetart.com.br\/baixada\/wp-json\/wp\/v2\/users\/2"}],"replies":[{"embeddable":true,"href":"https:\/\/hostnetart.com.br\/baixada\/wp-json\/wp\/v2\/comments?post=6454"}],"version-history":[{"count":0,"href":"https:\/\/hostnetart.com.br\/baixada\/wp-json\/wp\/v2\/posts\/6454\/revisions"}],"wp:featuredmedia":[{"embeddable":true,"href":"https:\/\/hostnetart.com.br\/baixada\/wp-json\/wp\/v2\/media\/6453"}],"wp:attachment":[{"href":"https:\/\/hostnetart.com.br\/baixada\/wp-json\/wp\/v2\/media?parent=6454"}],"wp:term":[{"taxonomy":"category","embeddable":true,"href":"https:\/\/hostnetart.com.br\/baixada\/wp-json\/wp\/v2\/categories?post=6454"},{"taxonomy":"post_tag","embeddable":true,"href":"https:\/\/hostnetart.com.br\/baixada\/wp-json\/wp\/v2\/tags?post=6454"}],"curies":[{"name":"wp","href":"https:\/\/api.w.org\/{rel}","templated":true}]}}