{"id":6448,"date":"2019-04-10T14:48:03","date_gmt":"2019-04-10T17:48:03","guid":{"rendered":"https:\/\/hostnetart.com.br\/baixada\/caixa-mesa-permanente-sera-na-sexta-12\/"},"modified":"2019-04-10T14:48:03","modified_gmt":"2019-04-10T17:48:03","slug":"caixa-mesa-permanente-sera-na-sexta-12","status":"publish","type":"post","link":"https:\/\/hostnetart.com.br\/baixada\/caixa-mesa-permanente-sera-na-sexta-12\/","title":{"rendered":"Caixa: Mesa permanente ser\u00e1 na sexta (12)"},"content":{"rendered":"<p>A Confedera\u00e7\u00e3o Nacional dos Trabalhadores do Ramo Financeiro (Contraf-CUT) realiza, nesta sexta-feira (12), em Bras\u00edlia, a mesa de negocia\u00e7\u00e3o permanente com a Caixa Econ\u00f4mica Federal. Entre as principais reivindica\u00e7\u00f5es dos trabalhadores, est\u00e3o as explica\u00e7\u00f5es sobre o resultado do balan\u00e7o de 2018; a posi\u00e7\u00e3o da Caixa sobre a retirada da representa\u00e7\u00e3o do banco no Conselho Curador do FGTS; mais transpar\u00eancia no Sa\u00fade Caixa; contrata\u00e7\u00e3o de mais empregados e apresenta\u00e7\u00e3o do modelo de implementa\u00e7\u00e3o de intervalo de 30 minutos para descanso na jornada de 6 horas \u2013 neste caso os representantes dos trabalhadores reiteram a reivindica\u00e7\u00e3o dos empregados de que seja optativo (quando n\u00e3o houver hora extra) fazer 15 ou 30 minutos de intervalos.<\/p>\n<p>\u201c\u00c9 importante lembrar que esta extens\u00e3o do intervalo \u00e9 uma conquista importante para os trabalhadores, visto que em muitas ag\u00eancias da Caixa, os empregados n\u00e3o t\u00eam conseguido parar nem 15 minutos e que n\u00e3o garantiam o repouso\u201d, disse o coordenador da Comiss\u00e3o Executiva dos Empregados (CEE) da Caixa, Dion\u00edsio Reis. Para ele, trata-se de uma conquista importante para a sa\u00fade dos trabalhadores o acr\u00e9scimo de mais 15 minutos. \u201cO ideal seria que a Caixa tornasse este intervalo estendido como uma op\u00e7\u00e3o, nas unidades onde os trabalhadores t\u00eam outras condi\u00e7\u00f5es de trabalho e que podem optar pela manuten\u00e7\u00e3o dos 15 minutos\u201d, defendeu o dirigente sindical.<\/p>\n<p>Para a dirigente e representante da Contraf-CUT na mesa de negocia\u00e7\u00f5es com a Caixa, Fabiana Proscholdt, a mesa permanente de negocia\u00e7\u00e3o com a Caixa \u00e9 de extrema import\u00e2ncia neste momento, principalmente no atual cen\u00e1rio pol\u00edtico em que se encontra o pa\u00eds. \u201cCom todo o cen\u00e1rio de ataque e fragiliza\u00e7\u00e3o da Caixa e dos empregados da institui\u00e7\u00e3o, \u00e9 importante refor\u00e7armos a mesa permanente de negocia\u00e7\u00e3o. Queremos avan\u00e7ar nos debates internos para promover um ambiente com boas condi\u00e7\u00f5es de trabalho. Temos muitas pautas pendentes e outras a serem debatidas\u201d, ressaltou.<\/p>\n<h3><strong>Contrata\u00e7\u00e3o<\/strong><\/h3>\n<p>Ainda segundo Dion\u00edsio, a CEE\/Caixa voltar\u00e1 a reivindicar a contrata\u00e7\u00e3o de mais empregados e cobrar posicionamento da empresa sobre o fechamento de ag\u00eancias. \u201cA exig\u00eancia pela imediata contrata\u00e7\u00e3o de empregados \u00e9 uma forma de combater a sobrecarga e o recorrente adoecimento dos trabalhadores. Atualmente, muitos est\u00e3o trabalhando sem descanso e sem fazer refei\u00e7\u00e3o nas ag\u00eancias pelo pa\u00eds afora\u201d, destacou o dirigente.<\/p>\n<h3><strong>Sem explica\u00e7\u00f5es<\/strong><\/h3>\n<p>Tamb\u00e9m na mesa de negocia\u00e7\u00e3o permanente desta sexta-feira, a CEE\/Caixa cobrar\u00e1 o posicionamento do banco sobre o motivo da retirada da representa\u00e7\u00e3o da Caixa no Conselho Curador do FGTS.<\/p>\n<p>Os representantes dos trabalhadores tamb\u00e9m v\u00e3o cobrar esclarecimentos sobre o preju\u00edzo registrado quarto trimestre de 2018 e os impactos no que estava projetado no balan\u00e7o e no reconhecimento dos trabalhadores.<\/p>\n<p>A CEE\/Caixa cobra mais transpar\u00eancia nas informa\u00e7\u00f5es e reitera o of\u00edcio de n\u00ba 01618, entregue \u00e0 Caixa em 19\/03\/2018, requerendo que a institui\u00e7\u00e3o cumpra: a apresenta\u00e7\u00e3o de relat\u00f3rio atuarial e balancetes mensais do exerc\u00edcio de 2017; a identifica\u00e7\u00e3o do valor total do super\u00e1vit e respectiva discuss\u00e3o da destina\u00e7\u00e3o do mesmo; a aplica\u00e7\u00e3o correta da regra de remunera\u00e7\u00e3o, pela taxa Selic, sobre os valores do Fundo de Reserva de Conting\u00eancia; a apresenta\u00e7\u00e3o dos relat\u00f3rios financeiros mensais e anuais para possibilitar a efetiva atua\u00e7\u00e3o do Conselho de Usu\u00e1rios do Sa\u00fade Caixa; a apresenta\u00e7\u00e3o dos resultados da pesquisa anual de atendimento e satisfa\u00e7\u00e3o dos usu\u00e1rios do plano, e, por fim, a implementa\u00e7\u00e3o de um canal oficial e centralizado de comunica\u00e7\u00e3o com os conselheiros representantes dos empregados.<\/p>\n<p><strong>Fonte:\u00a0Contraf-CUT<\/strong><\/p>\n","protected":false},"excerpt":{"rendered":"<p>A Confedera\u00e7\u00e3o Nacional dos Trabalhadores do Ramo Financeiro (Contraf-CUT) realiza, nesta sexta-feira (12), em Bras\u00edlia, a mesa de negocia\u00e7\u00e3o permanente com a Caixa Econ\u00f4mica Federal. Entre as principais reivindica\u00e7\u00f5es dos trabalhadores, est\u00e3o as explica\u00e7\u00f5es sobre o resultado do balan\u00e7o de 2018; a posi\u00e7\u00e3o da Caixa sobre a retirada da representa\u00e7\u00e3o do banco no Conselho Curador [&hellip;]<\/p>\n","protected":false},"author":2,"featured_media":6447,"comment_status":"","ping_status":"","sticky":false,"template":"","format":"standard","meta":{"footnotes":""},"categories":[3],"tags":[],"class_list":["post-6448","post","type-post","status-publish","format-standard","has-post-thumbnail","hentry","category-noticias"],"_links":{"self":[{"href":"https:\/\/hostnetart.com.br\/baixada\/wp-json\/wp\/v2\/posts\/6448","targetHints":{"allow":["GET"]}}],"collection":[{"href":"https:\/\/hostnetart.com.br\/baixada\/wp-json\/wp\/v2\/posts"}],"about":[{"href":"https:\/\/hostnetart.com.br\/baixada\/wp-json\/wp\/v2\/types\/post"}],"author":[{"embeddable":true,"href":"https:\/\/hostnetart.com.br\/baixada\/wp-json\/wp\/v2\/users\/2"}],"replies":[{"embeddable":true,"href":"https:\/\/hostnetart.com.br\/baixada\/wp-json\/wp\/v2\/comments?post=6448"}],"version-history":[{"count":0,"href":"https:\/\/hostnetart.com.br\/baixada\/wp-json\/wp\/v2\/posts\/6448\/revisions"}],"wp:featuredmedia":[{"embeddable":true,"href":"https:\/\/hostnetart.com.br\/baixada\/wp-json\/wp\/v2\/media\/6447"}],"wp:attachment":[{"href":"https:\/\/hostnetart.com.br\/baixada\/wp-json\/wp\/v2\/media?parent=6448"}],"wp:term":[{"taxonomy":"category","embeddable":true,"href":"https:\/\/hostnetart.com.br\/baixada\/wp-json\/wp\/v2\/categories?post=6448"},{"taxonomy":"post_tag","embeddable":true,"href":"https:\/\/hostnetart.com.br\/baixada\/wp-json\/wp\/v2\/tags?post=6448"}],"curies":[{"name":"wp","href":"https:\/\/api.w.org\/{rel}","templated":true}]}}