{"id":6444,"date":"2019-04-10T14:44:53","date_gmt":"2019-04-10T17:44:53","guid":{"rendered":"https:\/\/hostnetart.com.br\/baixada\/bancos-aceitam-debater-saude-do-trabalhador\/"},"modified":"2019-04-10T14:44:53","modified_gmt":"2019-04-10T17:44:53","slug":"bancos-aceitam-debater-saude-do-trabalhador","status":"publish","type":"post","link":"https:\/\/hostnetart.com.br\/baixada\/bancos-aceitam-debater-saude-do-trabalhador\/","title":{"rendered":"Bancos aceitam debater sa\u00fade do trabalhador"},"content":{"rendered":"<p>O Comando Nacional dos Banc\u00e1rios avaliou como positiva a disposi\u00e7\u00e3o dos bancos em debater os principais pontos de adoecimento da categoria. O compromisso foi firmado na mesa tem\u00e1tica de Sa\u00fade do Trabalhador, realizada na tarde desta ter\u00e7a-feira (9), em S\u00e3o Paulo, entre o Comando, o Coletivo Nacional de Sa\u00fade e a Federa\u00e7\u00e3o Nacional dos Bancos (Fenaban).<\/p>\n<p>O movimento sindical iniciou a reuni\u00e3o com uma explana\u00e7\u00e3o sobre as m\u00e1s condi\u00e7\u00f5es de trabalho vivida nos bancos, que mostram a real necessidade de a\u00e7\u00f5es preventivas. \u201cSe h\u00e1 um lugar para avan\u00e7ar, com certeza esta mesa \u00e9 o ideal. Temos de aproveitar este espa\u00e7o para pensar em a\u00e7\u00f5es efetivas que possam interferir no dia a dia dos banc\u00e1rios e impedir que eles cheguem \u00e0 situa\u00e7\u00e3o extrema\u201d, afirmou a presidenta da Confedera\u00e7\u00e3o Nacional dos Trabalhadores do Ramo Financeiro (Contraf-CUT), Juvandia Moreira, que \u00e9 uma das coordenadoras do Comando Nacional.<\/p>\n<p>\u201cA quest\u00e3o \u00e9 grave, h\u00e1 um n\u00edvel muito grande de transtornos mentais. As pessoas est\u00e3o trabalhando \u00e0 base de rem\u00e9dios. Isto tudo em decorr\u00eancia da press\u00e3o por resultados e metas que \u00e9 exercida sobre eles\u201d, afirmou Mauro Salles, secret\u00e1rio de Sa\u00fade da Contraf-CUT.<\/p>\n<p>Os banc\u00e1rios reivindicam acesso aos dados de afastamento, para poder pensar medidas preventivas em conjunto com os bancos. \u201cN\u00f3s queremos enfrentar os problemas de metas e ass\u00e9dio moral. N\u00f3s temos que discutir este processo de organiza\u00e7\u00e3o do trabalho. Se n\u00e3o discutirmos a gest\u00e3o, n\u00e3o tem como haver preven\u00e7\u00e3o\u201d, disse o secret\u00e1rio. O movimento sindical tamb\u00e9m quer debater sobre as condi\u00e7\u00f5es de sa\u00fade dos trabalhadores em plataformas digitais.<\/p>\n<p>Os bancos reconheceram a import\u00e2ncia da mesa tem\u00e1tica de sa\u00fade na constru\u00e7\u00e3o de avan\u00e7os para a categoria e se colocou \u00e0 disposi\u00e7\u00e3o para avan\u00e7ar no tema. \u201cA expectativa \u00e9 que os bancos reconhe\u00e7am a necessidade de enfrentamento do problema e que haja efetividade, com solu\u00e7\u00f5es para as causas de adoecimentos e uma pol\u00edtica de preven\u00e7\u00e3o adequada\u201d, finalizou Salles.<\/p>\n<p>A pr\u00f3xima reuni\u00e3o para come\u00e7ar a discutir efetivamente as possibilidades de preven\u00e7\u00e3o ficou marcada para o dia 22 de maio.<\/p>\n<p>Fonte:\u00a0Contraf-CUT<\/p>\n","protected":false},"excerpt":{"rendered":"<p>O Comando Nacional dos Banc\u00e1rios avaliou como positiva a disposi\u00e7\u00e3o dos bancos em debater os principais pontos de adoecimento da categoria. O compromisso foi firmado na mesa tem\u00e1tica de Sa\u00fade do Trabalhador, realizada na tarde desta ter\u00e7a-feira (9), em S\u00e3o Paulo, entre o Comando, o Coletivo Nacional de Sa\u00fade e a Federa\u00e7\u00e3o Nacional dos Bancos [&hellip;]<\/p>\n","protected":false},"author":2,"featured_media":6443,"comment_status":"","ping_status":"","sticky":false,"template":"","format":"standard","meta":{"footnotes":""},"categories":[3],"tags":[],"class_list":["post-6444","post","type-post","status-publish","format-standard","has-post-thumbnail","hentry","category-noticias"],"_links":{"self":[{"href":"https:\/\/hostnetart.com.br\/baixada\/wp-json\/wp\/v2\/posts\/6444","targetHints":{"allow":["GET"]}}],"collection":[{"href":"https:\/\/hostnetart.com.br\/baixada\/wp-json\/wp\/v2\/posts"}],"about":[{"href":"https:\/\/hostnetart.com.br\/baixada\/wp-json\/wp\/v2\/types\/post"}],"author":[{"embeddable":true,"href":"https:\/\/hostnetart.com.br\/baixada\/wp-json\/wp\/v2\/users\/2"}],"replies":[{"embeddable":true,"href":"https:\/\/hostnetart.com.br\/baixada\/wp-json\/wp\/v2\/comments?post=6444"}],"version-history":[{"count":0,"href":"https:\/\/hostnetart.com.br\/baixada\/wp-json\/wp\/v2\/posts\/6444\/revisions"}],"wp:featuredmedia":[{"embeddable":true,"href":"https:\/\/hostnetart.com.br\/baixada\/wp-json\/wp\/v2\/media\/6443"}],"wp:attachment":[{"href":"https:\/\/hostnetart.com.br\/baixada\/wp-json\/wp\/v2\/media?parent=6444"}],"wp:term":[{"taxonomy":"category","embeddable":true,"href":"https:\/\/hostnetart.com.br\/baixada\/wp-json\/wp\/v2\/categories?post=6444"},{"taxonomy":"post_tag","embeddable":true,"href":"https:\/\/hostnetart.com.br\/baixada\/wp-json\/wp\/v2\/tags?post=6444"}],"curies":[{"name":"wp","href":"https:\/\/api.w.org\/{rel}","templated":true}]}}