{"id":6442,"date":"2019-04-09T21:13:53","date_gmt":"2019-04-10T00:13:53","guid":{"rendered":"https:\/\/hostnetart.com.br\/baixada\/quase-dois-tercos-dos-trabalhadores-temem-ficar-desempregados-diz-pesquisa\/"},"modified":"2019-04-09T21:13:53","modified_gmt":"2019-04-10T00:13:53","slug":"quase-dois-tercos-dos-trabalhadores-temem-ficar-desempregados-diz-pesquisa","status":"publish","type":"post","link":"https:\/\/hostnetart.com.br\/baixada\/quase-dois-tercos-dos-trabalhadores-temem-ficar-desempregados-diz-pesquisa\/","title":{"rendered":"Quase dois ter\u00e7os dos trabalhadores temem ficar desempregados, diz pesquisa"},"content":{"rendered":"<div class=\"elementor-element elementor-element-194680ec elementor-widget elementor-widget-theme-post-content\" data-id=\"194680ec\" data-element_type=\"widget\" data-widget_type=\"theme-post-content.default\">\n<div class=\"elementor-widget-container\">\n<p>Al\u00e9m de\u00a0<a href=\"https:\/\/www.redebrasilatual.com.br\/trabalho\/2019\/04\/cut-vox-65-reprovam-reforma-da-previdencia-de-bolsonaro\">desaprovar a reforma da Previd\u00eancia<\/a>\u00a0do governo Jair\u00a0<strong>Bolsonaro<\/strong>, os brasileiros temem ficar desempregados. Segundo pesquisa\u00a0<strong>CUT\/Vox Populi<\/strong>\u00a0divulgada nesta segunda-feira (8), 62% dos entrevistados t\u00eam medo do\u00a0<strong>desemprego<\/strong>, enquanto apenas 37% n\u00e3o demonstram essa preocupa\u00e7\u00e3o e 1% entre os pesquisados n\u00e3o souberam ou n\u00e3o quiseram responder. A pesquisa foi realizada entre os dias 1\u00ba e 3 de abril.<\/p>\n<p>Mais da metade dos cidad\u00e3os ouvidos pelo levantamento que se declararam apoiadores de Bolsonaro (54%) afirmaram temer o desemprego. Entre os eleitores anti-Bolsonaro, 68% se manifestaram temerosos de perder o emprego.\u00a0O desemprego j\u00e1 chegou a\u00a0<a href=\"https:\/\/www.redebrasilatual.com.br\/economia\/2019\/03\/desemprego-segue-alto-desalento-e-exclusao-do-mercado-batem-erecorde-1\">13,1 milh\u00f5es de pessoas no Brasil<\/a>, de acordo com o IBGE.<\/p>\n<p>Na opini\u00e3o do presidente da CUT, Vagner Freitas, o estudo CUT\/Vox Populi revela que os brasileiros est\u00e3o percebendo a situa\u00e7\u00e3o na pr\u00f3pria realidade. De acordo com os dados da pesquisa, entre os entrevistados, 44% afirmaram ter entre um ou mais desempregados na fam\u00edlia.\u00a0<\/p>\n<p>\u201cTemer garantiu que a reforma trabalhista geraria 8 milh\u00f5es de empregos em dois anos e o resultado foi o aumento do desemprego. As pessoas est\u00e3o percebendo isso. Est\u00e3o sentindo na pele o drama em suas fam\u00edlias\u201d, diz Vagner.<\/p>\n<p>\u201cE agora Bolsonaro quer ampliar a informalidade, tirar ainda mais direitos com a reforma da Previd\u00eancia, e criar uma gera\u00e7\u00e3o de miser\u00e1veis. \u00c9 mentira que essas reformas (Trabalhista e da Previd\u00eancia) geram empregos e o povo j\u00e1 sabe disso\u201d, afirma o dirigente.<\/p>\n<p>J\u00e1 para o presidente da Rep\u00fablica, a\u00a0<a href=\"https:\/\/www.redebrasilatual.com.br\/economia\/2019\/04\/bolsonaro-descobriu-o-responsavel-pelo-desemprego-elevado-o-ibge\">culpa dos n\u00fameros negativos \u00e9 da metodologia do IBGE<\/a>. \u201cCom todo respeito ao IBGE, essa metodologia, em que pese ser aplicada em outros pa\u00edses, n\u00e3o \u00e9 a mais correta\u201d, avaliou ele na semana passada. \u201cLeva-se em conta quem est\u00e1 procurando emprego. Quem n\u00e3o procura emprego, n\u00e3o est\u00e1 desempregado\u201d, disse ainda.<\/p>\n<p>Na opini\u00e3o do presidente da CUT, apenas o crescimento econ\u00f4mico, com distribui\u00e7\u00e3o de renda e aumento do emprego formal, pode gerar emprego.<\/p>\n<p>A percep\u00e7\u00e3o de 78% dos entrevistados \u00e9 de que as taxas de desemprego s\u00e3o maiores hoje do que h\u00e1 tr\u00eas anos, enquanto 13% acreditam que diminuiu, 8% acham que n\u00e3o mudou e 1% n\u00e3o soube ou n\u00e3o quis responder.<\/p>\n<p>A impress\u00e3o de piora \u00e9 alta mesmo entre os pesquisados pr\u00f3-Bolsonaro. Para 72% deles, o quadro hoje \u00e9 pior do que h\u00e1 tr\u00eas anos, quando o pa\u00eds\u00a0ainda era governado por Dilma Rousseff. J\u00e1 para os entrevistados anti-Bolsonaro, a situa\u00e7\u00e3o do mercado de trabalho est\u00e1 pior para 85%.<\/p>\n<h3>Petrobras<\/h3>\n<p>A pesquisa CUT\/Vox Populi tamb\u00e9m perguntou aos trabalhadores se s\u00e3o a favor ou contra a privatiza\u00e7\u00e3o da Petrobras. Quase dois ter\u00e7os, ou 65%, responderam ser contra, 25% a favor e 15% n\u00e3o responderam.<\/p>\n<p>O estudo quis saber quem seria o principal beneficiado com a venda da estatal brasileira. Na opini\u00e3o de 35%, apenas empres\u00e1rios, acionistas e investidores se beneficiariam, enquanto 25% responderam que apenas o governo federal sairia beneficiado e, para \u00a019%, a privatiza\u00e7\u00e3o traria benef\u00edcios para todo mundo.<\/p>\n<p>Em outra abordagem da pesquisa, 65% dos brasileiros se manifestaram contra\u00a0a reforma da Previd\u00eancia. De acordo com o estudo, 26% s\u00e3o a favor \u00a0da Proposta de Emenda \u00e0 Constitui\u00e7\u00e3o (PEC) 6\/2019, enquanto 9% n\u00e3o souberam ou n\u00e3o quiseram responder.<\/p>\n<p>A pesquisa entrevistou 1.985 pessoas com mais de 16 anos e foi realizada em 120 munic\u00edpios do Brasil, entre capitais, regi\u00f5es metropolitanas e interior. A margem de erro \u00e9 de 2,2%, estimada em um intervalo de confian\u00e7a de 95%.<\/p>\n<p><strong>Confira mais dados da pesquisa:<\/strong><\/p>\n<p><a href=\"https:\/\/www.scribd.com\/document\/405420998\/CUT-VOX-DESEMPREGO-E-PRIVATIZAC-A-O#from_embed\" target=\"_blank\" rel=\"noopener noreferrer\">CUT-VOX \u2013 DESEMPREGO E PRIV\u2026<\/a><\/p>\n<\/div>\n<\/div>\n","protected":false},"excerpt":{"rendered":"<p>Al\u00e9m de\u00a0desaprovar a reforma da Previd\u00eancia\u00a0do governo Jair\u00a0Bolsonaro, os brasileiros temem ficar desempregados. Segundo pesquisa\u00a0CUT\/Vox Populi\u00a0divulgada nesta segunda-feira (8), 62% dos entrevistados t\u00eam medo do\u00a0desemprego, enquanto apenas 37% n\u00e3o demonstram essa preocupa\u00e7\u00e3o e 1% entre os pesquisados n\u00e3o souberam ou n\u00e3o quiseram responder. A pesquisa foi realizada entre os dias 1\u00ba e 3 de abril. [&hellip;]<\/p>\n","protected":false},"author":2,"featured_media":6441,"comment_status":"","ping_status":"","sticky":false,"template":"","format":"standard","meta":{"footnotes":""},"categories":[3],"tags":[],"class_list":["post-6442","post","type-post","status-publish","format-standard","has-post-thumbnail","hentry","category-noticias"],"_links":{"self":[{"href":"https:\/\/hostnetart.com.br\/baixada\/wp-json\/wp\/v2\/posts\/6442","targetHints":{"allow":["GET"]}}],"collection":[{"href":"https:\/\/hostnetart.com.br\/baixada\/wp-json\/wp\/v2\/posts"}],"about":[{"href":"https:\/\/hostnetart.com.br\/baixada\/wp-json\/wp\/v2\/types\/post"}],"author":[{"embeddable":true,"href":"https:\/\/hostnetart.com.br\/baixada\/wp-json\/wp\/v2\/users\/2"}],"replies":[{"embeddable":true,"href":"https:\/\/hostnetart.com.br\/baixada\/wp-json\/wp\/v2\/comments?post=6442"}],"version-history":[{"count":0,"href":"https:\/\/hostnetart.com.br\/baixada\/wp-json\/wp\/v2\/posts\/6442\/revisions"}],"wp:featuredmedia":[{"embeddable":true,"href":"https:\/\/hostnetart.com.br\/baixada\/wp-json\/wp\/v2\/media\/6441"}],"wp:attachment":[{"href":"https:\/\/hostnetart.com.br\/baixada\/wp-json\/wp\/v2\/media?parent=6442"}],"wp:term":[{"taxonomy":"category","embeddable":true,"href":"https:\/\/hostnetart.com.br\/baixada\/wp-json\/wp\/v2\/categories?post=6442"},{"taxonomy":"post_tag","embeddable":true,"href":"https:\/\/hostnetart.com.br\/baixada\/wp-json\/wp\/v2\/tags?post=6442"}],"curies":[{"name":"wp","href":"https:\/\/api.w.org\/{rel}","templated":true}]}}