{"id":644,"date":"2015-02-04T16:46:00","date_gmt":"2015-02-04T18:46:00","guid":{"rendered":"https:\/\/hostnetart.com.br\/baixada\/cut-reforca-organizacao-do-dia-mundial-em-defesa-do-direito-de-greve\/"},"modified":"2015-02-04T16:46:00","modified_gmt":"2015-02-04T18:46:00","slug":"cut-reforca-organizacao-do-dia-mundial-em-defesa-do-direito-de-greve","status":"publish","type":"post","link":"https:\/\/hostnetart.com.br\/baixada\/cut-reforca-organizacao-do-dia-mundial-em-defesa-do-direito-de-greve\/","title":{"rendered":"CUT refor\u00e7a organiza\u00e7\u00e3o do dia mundial em defesa do direito de greve"},"content":{"rendered":"<p><span style=\"color: #464646;\">A CUT est\u00e1 conclamando a que Sindicatos, Federa\u00e7\u00f5es e Confedera\u00e7\u00f5es mobilizem a milit\u00e2ncia para participar do Dia Mundial em Defesa do Direito de Greve, 18 de fevereiro, convocado pela Confedera\u00e7\u00e3o Sindical Internacional (CSI). Na mesma data, lideran\u00e7as do sindicalismo brasileiro ser\u00e3o recebidas em audi\u00eancia pelo ministro do Trabalho e Emprego, Manoel Dias, em Bras\u00edlia.<\/span><br style=\"color: #464646;\" \/><br style=\"color: #464646;\" \/><span style=\"color: #464646;\">\u201cO direito de greve \u00e9 um direito humano que tem sido alvo de reiterados ataques por parte do grande capital e de governos autorit\u00e1rios, avessos ao di\u00e1logo. Por isso, em cada um dos 161 pa\u00edses onde est\u00e1 enraizada, a CSI reafirmar\u00e1 a import\u00e2ncia desta conquista da classe trabalhadora para o aumento da renda, a manuten\u00e7\u00e3o de empregos e a garantia de direitos\u201d, destacou Jo\u00e3o Felicio, presidente da entidade mundial.\u00a0<\/span><br style=\"color: #464646;\" \/><br style=\"color: #464646;\" \/><span style=\"color: #464646;\">Em um momento de acirramento da crise, alertou o dirigente, \u201ccresce a tend\u00eancia, particularmente nas chefias das transnacionais e do sistema financeiro, de criminalizar o protesto e se fazer com que o trabalhador pague o pato\u201d.<\/span><br style=\"color: #464646;\" \/><br style=\"color: #464646;\" \/><b style=\"color: #464646;\">N\u00c3O AO RETROCESSO<\/b><span style=\"color: #464646;\">\u00a0<\/span><br style=\"color: #464646;\" \/><br style=\"color: #464646;\" \/><span style=\"color: #464646;\">Como o direito de greve est\u00e1 protegido pelo Conv\u00eanio 87 da Organiza\u00e7\u00e3o Internacional do Trabalho (OIT), explicou o secret\u00e1rio de Rela\u00e7\u00f5es Internacionais da CUT, Antonio Lisboa, \u201cdesde 2012 tem sido alvo de reiterados ataques por parte de um grupo de empregadores que, para aplicar a lei da selva e deixar os trabalhadores \u00e0 merc\u00ea de todo tipo de abusos e viol\u00eancias, busca sabotar o m\u00ednimo regramento existente\u201d.<\/span><br style=\"color: #464646;\" \/><br style=\"color: #464646;\" \/><span style=\"color: #464646;\">De acordo com Lisboa, as greves t\u00eam sido historicamente instrumentos de press\u00e3o para a eleva\u00e7\u00e3o do poder de compra, passo fundamental para o avan\u00e7o das sociedades no combate \u00e0 desigualdade e \u00e0 injusti\u00e7a.\u00a0<\/span><br style=\"color: #464646;\" \/><br style=\"color: #464646;\" \/><span style=\"color: #464646;\">\u201cMais do que uma demonstra\u00e7\u00e3o de for\u00e7a, que ganha corpo como mobiliza\u00e7\u00e3o de dezenas, centenas ou milhares, as paralisa\u00e7\u00f5es s\u00e3o fruto de organiza\u00e7\u00e3o, de tomada de consci\u00eancia coletiva sobre problemas comuns, que constroem pautas e alternativas de solu\u00e7\u00e3o\u201d, acrescentou Felicio.<\/span><br style=\"color: #464646;\" \/><br style=\"color: #464646;\" \/><br style=\"color: #464646;\" \/><span style=\"color: #464646;\">Fonte: Leonardo Severo \u2013 CUT<\/span><\/p>\n","protected":false},"excerpt":{"rendered":"<p>A CUT est\u00e1 conclamando a que Sindicatos, Federa\u00e7\u00f5es e Confedera\u00e7\u00f5es mobilizem a milit\u00e2ncia para participar do Dia Mundial em Defesa do Direito de Greve, 18 de fevereiro, convocado pela Confedera\u00e7\u00e3o Sindical Internacional (CSI). Na mesma data, lideran\u00e7as do sindicalismo brasileiro ser\u00e3o recebidas em audi\u00eancia pelo ministro do Trabalho e Emprego, Manoel Dias, em Bras\u00edlia.\u201cO direito [&hellip;]<\/p>\n","protected":false},"author":1,"featured_media":0,"comment_status":"","ping_status":"","sticky":false,"template":"","format":"standard","meta":{"footnotes":""},"categories":[3],"tags":[],"class_list":["post-644","post","type-post","status-publish","format-standard","hentry","category-noticias"],"_links":{"self":[{"href":"https:\/\/hostnetart.com.br\/baixada\/wp-json\/wp\/v2\/posts\/644","targetHints":{"allow":["GET"]}}],"collection":[{"href":"https:\/\/hostnetart.com.br\/baixada\/wp-json\/wp\/v2\/posts"}],"about":[{"href":"https:\/\/hostnetart.com.br\/baixada\/wp-json\/wp\/v2\/types\/post"}],"author":[{"embeddable":true,"href":"https:\/\/hostnetart.com.br\/baixada\/wp-json\/wp\/v2\/users\/1"}],"replies":[{"embeddable":true,"href":"https:\/\/hostnetart.com.br\/baixada\/wp-json\/wp\/v2\/comments?post=644"}],"version-history":[{"count":0,"href":"https:\/\/hostnetart.com.br\/baixada\/wp-json\/wp\/v2\/posts\/644\/revisions"}],"wp:attachment":[{"href":"https:\/\/hostnetart.com.br\/baixada\/wp-json\/wp\/v2\/media?parent=644"}],"wp:term":[{"taxonomy":"category","embeddable":true,"href":"https:\/\/hostnetart.com.br\/baixada\/wp-json\/wp\/v2\/categories?post=644"},{"taxonomy":"post_tag","embeddable":true,"href":"https:\/\/hostnetart.com.br\/baixada\/wp-json\/wp\/v2\/tags?post=644"}],"curies":[{"name":"wp","href":"https:\/\/api.w.org\/{rel}","templated":true}]}}