{"id":6438,"date":"2019-04-09T16:24:06","date_gmt":"2019-04-09T19:24:06","guid":{"rendered":"https:\/\/hostnetart.com.br\/baixada\/enfrentamento-ao-adoecimento-de-bancarios-sera-tema-da-reuniao-com-a-fenaban\/"},"modified":"2019-04-09T16:24:06","modified_gmt":"2019-04-09T19:24:06","slug":"enfrentamento-ao-adoecimento-de-bancarios-sera-tema-da-reuniao-com-a-fenaban","status":"publish","type":"post","link":"https:\/\/hostnetart.com.br\/baixada\/enfrentamento-ao-adoecimento-de-bancarios-sera-tema-da-reuniao-com-a-fenaban\/","title":{"rendered":"Enfrentamento ao adoecimento de banc\u00e1rios ser\u00e1 tema da reuni\u00e3o com a Fenaban"},"content":{"rendered":"<p>A preserva\u00e7\u00e3o da sa\u00fade e da vida, frente \u00e0 precariza\u00e7\u00e3o do trabalho e o rastro de doen\u00e7as e mortes que os novos modelos de produ\u00e7\u00e3o trazem consigo ser\u00e3o temas discutidos na reuni\u00e3o que acontece nesta ter\u00e7a-feira (9), \u00e0s 14h, em S\u00e3o Paulo, entre o Comando Nacional, coordenado pela Contraf-CUT, e a Federa\u00e7\u00e3o Nacional dos Bancos (Fenaban).\u00a0<\/p>\n<p>O Comando Nacional dos Banc\u00e1rios, representantes dos COEs e o Coletivo Nacional de Sa\u00fade tra\u00e7aram estrat\u00e9gias com o objetivo de socializar informa\u00e7\u00f5es sobre atua\u00e7\u00e3o e negocia\u00e7\u00f5es das COES em rela\u00e7\u00e3o ao tema; integrar a\u00e7\u00f5es de conscientiza\u00e7\u00e3o e mobiliza\u00e7\u00e3o da categoria; elaborar estrat\u00e9gia conjunta para enfrentar a situa\u00e7\u00e3o; definir prioridades e atualizar pauta para condu\u00e7\u00e3o das negocia\u00e7\u00f5es na mesa permanente.<\/p>\n<p>Na primeira quinzena de mar\u00e7o deste ano os representantes dos trabalhadores realizaram o Semin\u00e1rio \u201cintegrando estrat\u00e9gias de enfrentamento ao adoecimento nos bancos\u201d, uma atividade representativa, com ampla participa\u00e7\u00e3o, que permitiu acumular informa\u00e7\u00f5es e tra\u00e7ar estrat\u00e9gias de enfrentamento ao adoecimento nos bancos. Os participantes reafirmaram que o tema sa\u00fade e condi\u00e7\u00f5es no trabalho deve ser priorit\u00e1rio para o movimento banc\u00e1rio.<\/p>\n<p>Os tr\u00eas eixos definidos como estrat\u00e9gia dos quais ser\u00e3o abordados com a Fenaban ser\u00e3o: press\u00e3o por resultados, metas e ass\u00e9dio moral; preven\u00e7\u00e3o e aten\u00e7\u00e3o ao adoecido. \u201cO semin\u00e1rio serviu para nos deixar bastante preparados para o debate e para avan\u00e7ar em conquistas que garantam uma efetiva preven\u00e7\u00e3o e aten\u00e7\u00e3o aos adoecidos no exerc\u00edcio da profiss\u00e3o\u201d, esclareceu Mauro Salles, secret\u00e1rio de Sa\u00fade do Trabalhador da Contraf-CUT.<\/p>\n<p>\u00a0<\/p>\n<p><strong>Fonte: Contraf-CUT<\/strong><\/p>\n","protected":false},"excerpt":{"rendered":"<p>A preserva\u00e7\u00e3o da sa\u00fade e da vida, frente \u00e0 precariza\u00e7\u00e3o do trabalho e o rastro de doen\u00e7as e mortes que os novos modelos de produ\u00e7\u00e3o trazem consigo ser\u00e3o temas discutidos na reuni\u00e3o que acontece nesta ter\u00e7a-feira (9), \u00e0s 14h, em S\u00e3o Paulo, entre o Comando Nacional, coordenado pela Contraf-CUT, e a Federa\u00e7\u00e3o Nacional dos Bancos [&hellip;]<\/p>\n","protected":false},"author":2,"featured_media":6437,"comment_status":"","ping_status":"","sticky":false,"template":"","format":"standard","meta":{"footnotes":""},"categories":[3],"tags":[],"class_list":["post-6438","post","type-post","status-publish","format-standard","has-post-thumbnail","hentry","category-noticias"],"_links":{"self":[{"href":"https:\/\/hostnetart.com.br\/baixada\/wp-json\/wp\/v2\/posts\/6438","targetHints":{"allow":["GET"]}}],"collection":[{"href":"https:\/\/hostnetart.com.br\/baixada\/wp-json\/wp\/v2\/posts"}],"about":[{"href":"https:\/\/hostnetart.com.br\/baixada\/wp-json\/wp\/v2\/types\/post"}],"author":[{"embeddable":true,"href":"https:\/\/hostnetart.com.br\/baixada\/wp-json\/wp\/v2\/users\/2"}],"replies":[{"embeddable":true,"href":"https:\/\/hostnetart.com.br\/baixada\/wp-json\/wp\/v2\/comments?post=6438"}],"version-history":[{"count":0,"href":"https:\/\/hostnetart.com.br\/baixada\/wp-json\/wp\/v2\/posts\/6438\/revisions"}],"wp:featuredmedia":[{"embeddable":true,"href":"https:\/\/hostnetart.com.br\/baixada\/wp-json\/wp\/v2\/media\/6437"}],"wp:attachment":[{"href":"https:\/\/hostnetart.com.br\/baixada\/wp-json\/wp\/v2\/media?parent=6438"}],"wp:term":[{"taxonomy":"category","embeddable":true,"href":"https:\/\/hostnetart.com.br\/baixada\/wp-json\/wp\/v2\/categories?post=6438"},{"taxonomy":"post_tag","embeddable":true,"href":"https:\/\/hostnetart.com.br\/baixada\/wp-json\/wp\/v2\/tags?post=6438"}],"curies":[{"name":"wp","href":"https:\/\/api.w.org\/{rel}","templated":true}]}}