{"id":6436,"date":"2019-04-09T16:23:11","date_gmt":"2019-04-09T19:23:11","guid":{"rendered":"https:\/\/hostnetart.com.br\/baixada\/conferencia-sublime-ancestralidade-e-expressoes-culturais-negras-reune-militancia-de-varias-regioes-do-pais\/"},"modified":"2019-04-09T16:23:11","modified_gmt":"2019-04-09T19:23:11","slug":"conferencia-sublime-ancestralidade-e-expressoes-culturais-negras-reune-militancia-de-varias-regioes-do-pais","status":"publish","type":"post","link":"https:\/\/hostnetart.com.br\/baixada\/conferencia-sublime-ancestralidade-e-expressoes-culturais-negras-reune-militancia-de-varias-regioes-do-pais\/","title":{"rendered":"Confer\u00eancia Sublime Ancestralidade e Express\u00f5es Culturais Negras re\u00fane milit\u00e2ncia de v\u00e1rias regi\u00f5es do pa\u00eds"},"content":{"rendered":"<div class=\"elementor-element elementor-element-194680ec elementor-widget elementor-widget-theme-post-content\" data-id=\"194680ec\" data-element_type=\"widget\" data-widget_type=\"theme-post-content.default\">\n<div class=\"elementor-widget-container\">\n<p>Com representa\u00e7\u00e3o de militantes de v\u00e1rias regi\u00f5es do Brasil, a Confer\u00eancia \u201cSublime Ancestralidade e Express\u00f5es Culturais Negras\u201d foi realizada, no \u00faltimo s\u00e1bado (6), na cidade de Niter\u00f3i (RJ).<\/p>\n<p>Idealizado pelo o Projeto Mulheres Negras Construindo Visibilidade, o objetivo foi debater a literatura negra brasileira, com intuito de coloc\u00e1-la no centro de nossas reflex\u00f5es, como instrumento fundamental para constru\u00e7\u00e3o da identidade cultural brasileira, e tornar presente em todos os espa\u00e7os acad\u00eamicos p\u00fablicos e privados. Neste sentido, v\u00e1rios temas foram pautados, como, direitos humanos e viol\u00eancia contra as mulheres, impactos da previd\u00eancia na vida das trabalhadoras e trabalhadores, feminismo negro quilombola e ancestralidade,\u00a0 afrolatinidadedes femininas e Viol\u00eancia do Racismo\u00a0 Institucional .\u00a0<\/p>\n<p>\u201cDebater Pol\u00edticas de enfrentamento ao retrocesso e aos ataques aos direitos humanos. A ideia da confer\u00eancia, \u00e9 fazer o debate numa perspectiva de acumular conte\u00fado e formar novos ativista para o enfrentamento de forma qualificado a viol\u00eancia do racismo institucional que atinge a juventude e as mulheres negras\u201d, disse Ana Cruz, organizadora do evento.<\/p>\n<p>A confer\u00eancia est\u00e1 na agenda de luta das mulheres e do movimento Social Negro. Pois al\u00e9m do Dia Internacional da Mulher, celebramos tamb\u00e9m o 21 de mar\u00e7o, dia de Luta Pela Elimina\u00e7\u00e3o Internacional da Descrimina\u00e7\u00e3o Racial, uma data promulgada pela ONU, devido ao Massacre dos Estudantes pelo o regime Apartheid na \u00c1frica do Sul, em 1960.<\/p>\n<p>\u201cEsse \u00e9 um espa\u00e7o para promover resgate hist\u00f3rico da exist\u00eancia das mulheres negras da di\u00e1spora, que deram continuidade ao seu legado de luta contra expropria\u00e7\u00e3o material e cultural da popula\u00e7\u00e3o negra, que n\u00e3o se renderam \u00e0 imposta condi\u00e7\u00e3o de subalternas. Muitas conversas e o tema da Reforma da Previd\u00eancia \u00e9 central, pois atinge em cheio a popula\u00e7\u00e3o negra no mercado de trabalho e em sua aposentadoria\u201d, afirmou Almir Aguiar, scret\u00e1rio de Combate ao Racismo da Contraf-CUT.<\/p>\n<p>Almir fez uma apresenta\u00e7\u00e3o sobre a invisibilidade dos trabalhadores negros no sistema financeiro, que s\u00e3o somente 24,7%, de acordo com o Censo da Diversidade (2014). Segundo ele, a cor da pele \u00e9 um impeditivo para a ascens\u00e3o profissional. \u201cOs impactos da reforma da previd\u00eancia na sociedade ser\u00e3o incalcul\u00e1veis diante da proposta do regime de capitaliza\u00e7\u00e3o que s\u00f3 serve para aumentar os lucros dos bancos e sem a certeza que o trabalhador receber\u00e1 tudo que contribuiu\u201d disse.Jeferson Meira, o Jef\u00e3o, secret\u00e1rio de Rela\u00e7\u00f5es do Trabalho da Contraf-CUT, completou ao dizer que em um cen\u00e1rio de crise pol\u00edtica, econ\u00f4mica e social a viol\u00eancia racial se acentua nas suas mais variadas formas. \u201cA famigerada proposta de reforma previdenci\u00e1ria do atual governo promove ainda mais as desigualdades, pois o racismo que permeia a sociedade e se reflete no mercado de trabalho contribui para que a popula\u00e7\u00e3o negra seja a que mais sofre com o desemprego\u201d, completou.<\/p>\n<p><strong>Fonte: Contraf-CUT<\/strong><\/p>\n<\/div>\n<\/div>\n","protected":false},"excerpt":{"rendered":"<p>Com representa\u00e7\u00e3o de militantes de v\u00e1rias regi\u00f5es do Brasil, a Confer\u00eancia \u201cSublime Ancestralidade e Express\u00f5es Culturais Negras\u201d foi realizada, no \u00faltimo s\u00e1bado (6), na cidade de Niter\u00f3i (RJ). Idealizado pelo o Projeto Mulheres Negras Construindo Visibilidade, o objetivo foi debater a literatura negra brasileira, com intuito de coloc\u00e1-la no centro de nossas reflex\u00f5es, como instrumento [&hellip;]<\/p>\n","protected":false},"author":2,"featured_media":6435,"comment_status":"","ping_status":"","sticky":false,"template":"","format":"standard","meta":{"footnotes":""},"categories":[3],"tags":[],"class_list":["post-6436","post","type-post","status-publish","format-standard","has-post-thumbnail","hentry","category-noticias"],"_links":{"self":[{"href":"https:\/\/hostnetart.com.br\/baixada\/wp-json\/wp\/v2\/posts\/6436","targetHints":{"allow":["GET"]}}],"collection":[{"href":"https:\/\/hostnetart.com.br\/baixada\/wp-json\/wp\/v2\/posts"}],"about":[{"href":"https:\/\/hostnetart.com.br\/baixada\/wp-json\/wp\/v2\/types\/post"}],"author":[{"embeddable":true,"href":"https:\/\/hostnetart.com.br\/baixada\/wp-json\/wp\/v2\/users\/2"}],"replies":[{"embeddable":true,"href":"https:\/\/hostnetart.com.br\/baixada\/wp-json\/wp\/v2\/comments?post=6436"}],"version-history":[{"count":0,"href":"https:\/\/hostnetart.com.br\/baixada\/wp-json\/wp\/v2\/posts\/6436\/revisions"}],"wp:featuredmedia":[{"embeddable":true,"href":"https:\/\/hostnetart.com.br\/baixada\/wp-json\/wp\/v2\/media\/6435"}],"wp:attachment":[{"href":"https:\/\/hostnetart.com.br\/baixada\/wp-json\/wp\/v2\/media?parent=6436"}],"wp:term":[{"taxonomy":"category","embeddable":true,"href":"https:\/\/hostnetart.com.br\/baixada\/wp-json\/wp\/v2\/categories?post=6436"},{"taxonomy":"post_tag","embeddable":true,"href":"https:\/\/hostnetart.com.br\/baixada\/wp-json\/wp\/v2\/tags?post=6436"}],"curies":[{"name":"wp","href":"https:\/\/api.w.org\/{rel}","templated":true}]}}