{"id":6432,"date":"2019-04-09T16:21:19","date_gmt":"2019-04-09T19:21:19","guid":{"rendered":"https:\/\/hostnetart.com.br\/baixada\/contraf-cut-orienta-aprovacao-do-relatorio-anual-da-cassi\/"},"modified":"2019-04-09T16:21:19","modified_gmt":"2019-04-09T19:21:19","slug":"contraf-cut-orienta-aprovacao-do-relatorio-anual-da-cassi","status":"publish","type":"post","link":"https:\/\/hostnetart.com.br\/baixada\/contraf-cut-orienta-aprovacao-do-relatorio-anual-da-cassi\/","title":{"rendered":"Contraf-CUT orienta aprova\u00e7\u00e3o do relat\u00f3rio anual da Cassi"},"content":{"rendered":"<p>Entre os dias 12 e 18 de abril acontecer\u00e1 a vota\u00e7\u00e3o do Relat\u00f3rio Anual da Cassi, documento que apresenta o resultado financeiro, a\u00e7\u00f5es de gest\u00e3o e os principais indicadores da Caixa de Assist\u00eancia dos Funcion\u00e1rios do Banco do Brasil.<\/p>\n<p> Os associados da Cassi poder\u00e3o votar pelo site, pelo aplicativo Cassi nos celulares e pelos terminais de autoatendimento do Banco do Brasil. Os funcion\u00e1rios da ativa poder\u00e3o votar tamb\u00e9m pelo SisBB, nas esta\u00e7\u00f5es de trabalho.<\/p>\n<p> O relat\u00f3rio anual j\u00e1 foi apreciado pelo Conselho Fiscal com parecer favor\u00e1vel sem ressalvas, assim como o parecer da auditoria independente.<\/p>\n<p> A Confedera\u00e7\u00e3o Nacional dos Trabalhadores do Ramo Financeiro (Contraf-CUT) orienta aprova\u00e7\u00e3o do Relat\u00f3rio Anual de 2019, que est\u00e1 sendo apresentado pela diretoria da Cassi nas capitais dos estados onde h\u00e1 maior concentra\u00e7\u00e3o de associados. O documento est\u00e1 dispon\u00edvel no <strong><a href=\"https:\/\/www.cassi.com.br\/relatorio2018\" target=\"_blank\" rel=\"noopener noreferrer\">site da Cassi<\/a> <\/strong>e tamb\u00e9m pode ser baixado diretamente por <strong><a href=\"https:\/\/contrafcut.com.br\/relatorio_2018_cassi\/\" target=\"_blank\" rel=\"noopener noreferrer\">aqui<\/a><\/strong>.<\/p>\n<p> Para o coordenador da Comiss\u00e3o de Empresa dos Funcion\u00e1rios do BB (CEBB), Wagner Nascimento, a vota\u00e7\u00e3o do Relat\u00f3rio Anual \u00e9 uma conquista dos associados da Cassi que devem conferir atentamente os dados dispon\u00edveis. \u201cNossa orienta\u00e7\u00e3o pela aprova\u00e7\u00e3o \u00e9 porque os n\u00fameros mostram a realidade atual da Cassi e n\u00e3o h\u00e1 desconfian\u00e7a sobre o balan\u00e7o financeiro apresentado\u201d, disse.<\/p>\n<p> Desde a assinatura do Memorando de Entendimentos em 2016, a Cassi vem fazendo presta\u00e7\u00e3o de contas periodicamente para as Entidades da Mesa de Negocia\u00e7\u00e3o. A \u00faltima apresenta\u00e7\u00e3o ocorreu em 23 de janeiro.<\/p>\n<p> O coordenador da CEBB, que tamb\u00e9m coordena a Mesa de Negocia\u00e7\u00e3o da Cassi, comenta que os indicadores financeiros da Cassi mostram a necessidade de terem sido retomadas as negocia\u00e7\u00f5es sobre a sustentabilidade da nossa Caixa de Assist\u00eancia. \u201cAgora, temos uma proposta apresentada no processo negocial e indicamos sua aprova\u00e7\u00e3o para melhorar os indicadores financeiros e preservar a Cassi por mais tempo para todos os associados\u201d, completou.<\/p>\n<p><strong>Veja abaixo o calend\u00e1rio das apresenta\u00e7\u00f5es do Relat\u00f3rio Anual de 2019 da Cassi:<\/strong><\/p>\n<figure class=\"wp-block-image\"><img decoding=\"async\" class=\"wp-image-269188 lazyloaded\" src=\"https:\/\/contrafcut.com.br\/wp-content\/uploads\/2019\/04\/Calendario_de_apresentacoes_Cassi.jpg\" sizes=\"(max-width: 872px) 100vw, 872px\" srcset=\"https:\/\/contrafcut.com.br\/wp-content\/uploads\/2019\/04\/Calendario_de_apresentacoes_Cassi.jpg 872w, https:\/\/contrafcut.com.br\/wp-content\/uploads\/2019\/04\/Calendario_de_apresentacoes_Cassi-351x230.jpg 351w, https:\/\/contrafcut.com.br\/wp-content\/uploads\/2019\/04\/Calendario_de_apresentacoes_Cassi-768x503.jpg 768w\" alt=\"\" data-lazy-src=\"https:\/\/contrafcut.com.br\/wp-content\/uploads\/2019\/04\/Calendario_de_apresentacoes_Cassi.jpg\" data-lazy-srcset=\"https:\/\/contrafcut.com.br\/wp-content\/uploads\/2019\/04\/Calendario_de_apresentacoes_Cassi.jpg 872w, https:\/\/contrafcut.com.br\/wp-content\/uploads\/2019\/04\/Calendario_de_apresentacoes_Cassi-351x230.jpg 351w, https:\/\/contrafcut.com.br\/wp-content\/uploads\/2019\/04\/Calendario_de_apresentacoes_Cassi-768x503.jpg 768w\" data-lazy-sizes=\"(max-width: 872px) 100vw, 872px\" data-was-processed=\"true\" \/><\/figure>\n<p>Fonte: Contraf-CUT<\/p>\n","protected":false},"excerpt":{"rendered":"<p>Entre os dias 12 e 18 de abril acontecer\u00e1 a vota\u00e7\u00e3o do Relat\u00f3rio Anual da Cassi, documento que apresenta o resultado financeiro, a\u00e7\u00f5es de gest\u00e3o e os principais indicadores da Caixa de Assist\u00eancia dos Funcion\u00e1rios do Banco do Brasil. Os associados da Cassi poder\u00e3o votar pelo site, pelo aplicativo Cassi nos celulares e pelos terminais [&hellip;]<\/p>\n","protected":false},"author":2,"featured_media":6431,"comment_status":"","ping_status":"","sticky":false,"template":"","format":"standard","meta":{"footnotes":""},"categories":[3],"tags":[],"class_list":["post-6432","post","type-post","status-publish","format-standard","has-post-thumbnail","hentry","category-noticias"],"_links":{"self":[{"href":"https:\/\/hostnetart.com.br\/baixada\/wp-json\/wp\/v2\/posts\/6432","targetHints":{"allow":["GET"]}}],"collection":[{"href":"https:\/\/hostnetart.com.br\/baixada\/wp-json\/wp\/v2\/posts"}],"about":[{"href":"https:\/\/hostnetart.com.br\/baixada\/wp-json\/wp\/v2\/types\/post"}],"author":[{"embeddable":true,"href":"https:\/\/hostnetart.com.br\/baixada\/wp-json\/wp\/v2\/users\/2"}],"replies":[{"embeddable":true,"href":"https:\/\/hostnetart.com.br\/baixada\/wp-json\/wp\/v2\/comments?post=6432"}],"version-history":[{"count":0,"href":"https:\/\/hostnetart.com.br\/baixada\/wp-json\/wp\/v2\/posts\/6432\/revisions"}],"wp:featuredmedia":[{"embeddable":true,"href":"https:\/\/hostnetart.com.br\/baixada\/wp-json\/wp\/v2\/media\/6431"}],"wp:attachment":[{"href":"https:\/\/hostnetart.com.br\/baixada\/wp-json\/wp\/v2\/media?parent=6432"}],"wp:term":[{"taxonomy":"category","embeddable":true,"href":"https:\/\/hostnetart.com.br\/baixada\/wp-json\/wp\/v2\/categories?post=6432"},{"taxonomy":"post_tag","embeddable":true,"href":"https:\/\/hostnetart.com.br\/baixada\/wp-json\/wp\/v2\/tags?post=6432"}],"curies":[{"name":"wp","href":"https:\/\/api.w.org\/{rel}","templated":true}]}}