{"id":643,"date":"2015-02-04T16:45:00","date_gmt":"2015-02-04T18:45:00","guid":{"rendered":"https:\/\/hostnetart.com.br\/baixada\/santander-desrespeita-acordo-coletivo-dos-trabalhadores-de-call-center\/"},"modified":"2015-02-04T16:45:00","modified_gmt":"2015-02-04T18:45:00","slug":"santander-desrespeita-acordo-coletivo-dos-trabalhadores-de-call-center","status":"publish","type":"post","link":"https:\/\/hostnetart.com.br\/baixada\/santander-desrespeita-acordo-coletivo-dos-trabalhadores-de-call-center\/","title":{"rendered":"Santander desrespeita acordo coletivo dos trabalhadores de call Center"},"content":{"rendered":"<p><span style=\"color: #464646;\">O Santander est\u00e1 desrespeitando o acordo coletivo aditivo dos trabalhadores de call center, menos de dois meses ap\u00f3s assinar o documento. Em S\u00e3o Paulo, o banco emitiu comunicado aos banc\u00e1rios do Vila Santander com jornada de seis horas, informando que s\u00f3 poder\u00e1 usufruir da pausa de dez minutos de descanso quem cumprir 20 minutos al\u00e9m da jornada de trabalho.\u00a0<\/span><br style=\"color: #464646;\" \/><br style=\"color: #464646;\" \/><span style=\"color: #464646;\">O acordo, assinado em 28 de novembro de 2014, estabelece a concess\u00e3o de duas pausas, sendo uma de 10 minutos e outra de 20 minutos, durante a jornada de trabalho. A pausa de 10 minutos ser\u00e1 concedida antes dos \u00faltimos 60 minutos. As pausas tamb\u00e9m n\u00e3o podem ser fracionadas para que sejam utilizadas para o uso do banheiro.\u00a0<\/span><br style=\"color: #464646;\" \/><br style=\"color: #464646;\" \/><span style=\"color: #464646;\">\u201cO Santander est\u00e1 exigindo que o funcion\u00e1rio extrapole a sua jornada de trabalho para poder desfrutar de uma pausa que est\u00e1 garantida no acordo coletivo\u201d, critica a diretora executiva do Sindicato Maria Rosani.\u00a0<\/span><br style=\"color: #464646;\" \/><br style=\"color: #464646;\" \/><span style=\"color: #464646;\">\u201cDessa forma o banco age de m\u00e1 f\u00e9 com o Sindicato e, principalmente, com os trabalhadores, que est\u00e3o desapontados com a falta de \u00e9tica e compromisso do banco em rela\u00e7\u00e3o \u00e0quilo que foi estabelecido no acordo. Exigimos que o Santander cumpra aquilo que est\u00e1 determinado no documento\u201d, ressalta a dirigente sindical.<\/span><br style=\"color: #464646;\" \/><br style=\"color: #464646;\" \/><br style=\"color: #464646;\" \/><span style=\"color: #464646;\">Fonte: Seeb S\u00e3o Paulo<\/span><\/p>\n","protected":false},"excerpt":{"rendered":"<p>O Santander est\u00e1 desrespeitando o acordo coletivo aditivo dos trabalhadores de call center, menos de dois meses ap\u00f3s assinar o documento. Em S\u00e3o Paulo, o banco emitiu comunicado aos banc\u00e1rios do Vila Santander com jornada de seis horas, informando que s\u00f3 poder\u00e1 usufruir da pausa de dez minutos de descanso quem cumprir 20 minutos al\u00e9m [&hellip;]<\/p>\n","protected":false},"author":1,"featured_media":0,"comment_status":"","ping_status":"","sticky":false,"template":"","format":"standard","meta":{"footnotes":""},"categories":[3],"tags":[],"class_list":["post-643","post","type-post","status-publish","format-standard","hentry","category-noticias"],"_links":{"self":[{"href":"https:\/\/hostnetart.com.br\/baixada\/wp-json\/wp\/v2\/posts\/643","targetHints":{"allow":["GET"]}}],"collection":[{"href":"https:\/\/hostnetart.com.br\/baixada\/wp-json\/wp\/v2\/posts"}],"about":[{"href":"https:\/\/hostnetart.com.br\/baixada\/wp-json\/wp\/v2\/types\/post"}],"author":[{"embeddable":true,"href":"https:\/\/hostnetart.com.br\/baixada\/wp-json\/wp\/v2\/users\/1"}],"replies":[{"embeddable":true,"href":"https:\/\/hostnetart.com.br\/baixada\/wp-json\/wp\/v2\/comments?post=643"}],"version-history":[{"count":0,"href":"https:\/\/hostnetart.com.br\/baixada\/wp-json\/wp\/v2\/posts\/643\/revisions"}],"wp:attachment":[{"href":"https:\/\/hostnetart.com.br\/baixada\/wp-json\/wp\/v2\/media?parent=643"}],"wp:term":[{"taxonomy":"category","embeddable":true,"href":"https:\/\/hostnetart.com.br\/baixada\/wp-json\/wp\/v2\/categories?post=643"},{"taxonomy":"post_tag","embeddable":true,"href":"https:\/\/hostnetart.com.br\/baixada\/wp-json\/wp\/v2\/tags?post=643"}],"curies":[{"name":"wp","href":"https:\/\/api.w.org\/{rel}","templated":true}]}}