{"id":6428,"date":"2019-04-08T16:06:05","date_gmt":"2019-04-08T19:06:05","guid":{"rendered":"https:\/\/hostnetart.com.br\/baixada\/para-comissao-da-oab-reforma-da-previdencia-e-inconstitucional\/"},"modified":"2019-04-08T16:06:05","modified_gmt":"2019-04-08T19:06:05","slug":"para-comissao-da-oab-reforma-da-previdencia-e-inconstitucional","status":"publish","type":"post","link":"https:\/\/hostnetart.com.br\/baixada\/para-comissao-da-oab-reforma-da-previdencia-e-inconstitucional\/","title":{"rendered":"Para comiss\u00e3o da OAB, &#8216;reforma&#8217; da Previd\u00eancia \u00e9 inconstitucional"},"content":{"rendered":"<p class=\" \">Em entrevista \u00e0 <b>R\u00e1dio Brasil Atual<\/b>\u00a0nesta segunda-feira (8), o presidente da Comiss\u00e3o de Direito Previdenci\u00e1rio da Ordem dos Advogados do Brasil (OAB) de S\u00e3o Paulo, Jos\u00e9 Roberto Sodero Vict\u00f3rio, reiterou a <a class=\"external-link\" title=\"\" href=\"http:\/\/minhaaposentadoria.net.br\/\" target=\"_blank\" rel=\"noopener noreferrer\">&#8220;reforma&#8221; da Previd\u00eancia<\/a> do governo de Jair Bolsonaro como um projeto &#8220;inconstitucional&#8221;.<\/p>\n<p class=\" \">Vict\u00f3rio, que na quarta-feira (3) participou da audi\u00eancia realizada na<a class=\"internal-link\" title=\"\" href=\"https:\/\/www.redebrasilatual.com.br\/politica\/2019\/04\/reforma-da-previdencia-oposicao-e-paulo-guedes-travam-batalha-na-ccj\" target=\"_blank\" rel=\"noopener noreferrer\"> Comiss\u00e3o de Constitui\u00e7\u00e3o e Justi\u00e7a (CCJ)<\/a> da C\u00e2mara dos Deputados\u00a0 \u2013 quando foi categ\u00f3rico ao denunciar a falta de constitucionalidade do projeto \u2013, aponta que n\u00e3o h\u00e1 men\u00e7\u00e3o no texto da <a class=\"external-link\" title=\"\" href=\"https:\/\/minhaaposentadoria.net.br\/tag\/pec-da-previdencia\/\" target=\"_blank\" rel=\"noopener noreferrer\">Proposta de Emenda \u00e0 Constitui\u00e7\u00e3o (PEC) 6\/2019<\/a>, ao tamanho e ao c\u00e1lculo do d\u00e9ficit que o governo afirma ter para justificar a &#8220;reforma&#8221;, al\u00e9m de pontos como a idade m\u00ednima que, segundo ele, &#8220;fere o direito \u00e0 seguridade previsto na Constitui\u00e7\u00e3o&#8221;.<\/p>\n<p class=\" \">O presidente da comiss\u00e3o da OAB-SP fez cr\u00edticas ainda \u00e0 proposta de<a class=\"internal-link\" title=\"\" href=\"https:\/\/www.redebrasilatual.com.br\/trabalho\/2019\/01\/capitalizacao-na-previdencia-vai-promover-desordem-e-desigualdade-social\" target=\"_blank\" rel=\"noopener noreferrer\"> capitaliza\u00e7\u00e3o<\/a>, que rompe com a tripla contribui\u00e7\u00e3o \u00e0 seguridade entre Estado, empresas e cidad\u00e3os para colocar a parcela que cabe aos trabalhadores nas m\u00e3os dos bancos. &#8220;Voc\u00ea perde a ideia do regime de solidariedade, do atendimento universal de todas as pessoas&#8221;, explica Vict\u00f3rio \u00e0s jornalistas Marilu Caba\u00f1as e Lurdes Rodrigues.<\/p>\n<p class=\" \">A parte da &#8220;reforma&#8221; da Previd\u00eancia elaborada para <a class=\"internal-link\" title=\"\" href=\"https:\/\/www.redebrasilatual.com.br\/trabalho\/2019\/02\/nao-existe-privilegio-na-previdencia-dos-trabalhadores\" target=\"_blank\" rel=\"noopener noreferrer\">atender os militares<\/a> tamb\u00e9m foi contestada por Jos\u00e9 Roberto por ser desproporcional e mais branda do que a prevista aos cidad\u00e3os civis. &#8220;Ou todo mundo d\u00e1 seu sacrif\u00edcio, ou n\u00e3o tem sacrif\u00edcio para dar. Eu n\u00e3o posso pegar a sociedade, dividir em casta e dizer &#8216;olha meu filho, voc\u00ea vai para o sacrif\u00edcio e voc\u00ea, outro trabalhador brasileiro, voc\u00ea n\u00e3o vai para o sacrif\u00edcio, porque eu acho que voc\u00ea \u00e9 mais diferenciado do que todos'&#8221;, contesta.\u00a0<\/p>\n<p class=\" \">\u00a0<\/p>\n<p class=\" \"><span style=\"text-decoration: underline;\"><strong>Fonte: Rede Brasil Atual<\/strong><\/span><\/p>\n","protected":false},"excerpt":{"rendered":"<p>Em entrevista \u00e0 R\u00e1dio Brasil Atual\u00a0nesta segunda-feira (8), o presidente da Comiss\u00e3o de Direito Previdenci\u00e1rio da Ordem dos Advogados do Brasil (OAB) de S\u00e3o Paulo, Jos\u00e9 Roberto Sodero Vict\u00f3rio, reiterou a &#8220;reforma&#8221; da Previd\u00eancia do governo de Jair Bolsonaro como um projeto &#8220;inconstitucional&#8221;. Vict\u00f3rio, que na quarta-feira (3) participou da audi\u00eancia realizada na Comiss\u00e3o de [&hellip;]<\/p>\n","protected":false},"author":2,"featured_media":6427,"comment_status":"","ping_status":"","sticky":false,"template":"","format":"standard","meta":{"footnotes":""},"categories":[3],"tags":[],"class_list":["post-6428","post","type-post","status-publish","format-standard","has-post-thumbnail","hentry","category-noticias"],"_links":{"self":[{"href":"https:\/\/hostnetart.com.br\/baixada\/wp-json\/wp\/v2\/posts\/6428","targetHints":{"allow":["GET"]}}],"collection":[{"href":"https:\/\/hostnetart.com.br\/baixada\/wp-json\/wp\/v2\/posts"}],"about":[{"href":"https:\/\/hostnetart.com.br\/baixada\/wp-json\/wp\/v2\/types\/post"}],"author":[{"embeddable":true,"href":"https:\/\/hostnetart.com.br\/baixada\/wp-json\/wp\/v2\/users\/2"}],"replies":[{"embeddable":true,"href":"https:\/\/hostnetart.com.br\/baixada\/wp-json\/wp\/v2\/comments?post=6428"}],"version-history":[{"count":0,"href":"https:\/\/hostnetart.com.br\/baixada\/wp-json\/wp\/v2\/posts\/6428\/revisions"}],"wp:featuredmedia":[{"embeddable":true,"href":"https:\/\/hostnetart.com.br\/baixada\/wp-json\/wp\/v2\/media\/6427"}],"wp:attachment":[{"href":"https:\/\/hostnetart.com.br\/baixada\/wp-json\/wp\/v2\/media?parent=6428"}],"wp:term":[{"taxonomy":"category","embeddable":true,"href":"https:\/\/hostnetart.com.br\/baixada\/wp-json\/wp\/v2\/categories?post=6428"},{"taxonomy":"post_tag","embeddable":true,"href":"https:\/\/hostnetart.com.br\/baixada\/wp-json\/wp\/v2\/tags?post=6428"}],"curies":[{"name":"wp","href":"https:\/\/api.w.org\/{rel}","templated":true}]}}