{"id":6422,"date":"2019-04-04T13:00:50","date_gmt":"2019-04-04T16:00:50","guid":{"rendered":"https:\/\/hostnetart.com.br\/baixada\/contra-o-odio-ninguem-solta-a-mao-de-ninguem-celebra-a-alegria-na-politica\/"},"modified":"2019-04-04T13:00:50","modified_gmt":"2019-04-04T16:00:50","slug":"contra-o-odio-ninguem-solta-a-mao-de-ninguem-celebra-a-alegria-na-politica","status":"publish","type":"post","link":"https:\/\/hostnetart.com.br\/baixada\/contra-o-odio-ninguem-solta-a-mao-de-ninguem-celebra-a-alegria-na-politica\/","title":{"rendered":"Contra o \u00f3dio, &#8216;Ningu\u00e9m Solta a M\u00e3o de Ningu\u00e9m&#8217; celebra a alegria na pol\u00edtica"},"content":{"rendered":"<p>Ao declarar que &#8220;ningu\u00e9m solta a m\u00e3o de ningu\u00e9m&#8221;, acad\u00eamicos, ativistas e artistas tra\u00e7am sua principal estrat\u00e9gia de resist\u00eancia em tempos sombrios. Em uma noite de celebra\u00e7\u00e3o, muitos deles se encontraram ontem (3) para o lan\u00e7amento do livro que carrega no t\u00edtulo a m\u00e1xima, criada pela artista Thereza Nardelli Silva, que ganhou as redes sociais ap\u00f3s a vit\u00f3ria da extrema-direita nas elei\u00e7\u00f5es presidenciais do ano passado.\u00a0<\/p>\n<p><em>Ningu\u00e9m Solta a M\u00e3o de Ningu\u00e9m<\/em><em>\u00a0\u2013 Manifesto afetivo de resist\u00eancia e pelas liberdades<\/em>, editora Claraboia, foi lan\u00e7ado na livraria Tapera Taper\u00e1, que, al\u00e9m de vender livros, funciona como um centro cultural no segundo andar da Galeria Metr\u00f3pole, no cora\u00e7\u00e3o de S\u00e3o Paulo. Alguns dos autores participaram de uma conversa sobre os 24 textos da obra, incluindo a organizadora, Tain\u00e3 Bispo.<\/p>\n<p>&#8220;Trabalhei neste projeto por mais de seis meses&#8221;, explica, &#8220;\u00e9 um livro coletivo que mistura poesia, prosa, v\u00e1rios tipos livres (&#8230;)\u00a0Com esse livro, posso mostrar para meu filho que podemos combater o \u00f3dio com carinho, que podemos combater o cheiro de mofo com a alegria e o riso. Que o coletivo \u00e9 melhor que o individual, que o plural \u00e9 mais belo&#8221;, completou, ao lamentar a ascens\u00e3o de pol\u00edticos autorit\u00e1rios, com discursos homof\u00f3bicos e mis\u00f3ginos, que t\u00eam sua representa\u00e7\u00e3o m\u00e1xima, como afirma a pr\u00f3pria escritora, em Jair Bolsonaro (PSL).<\/p>\n<p>O lamento dos que estavam ali vem com uma ponta de alegria e esperan\u00e7a. Esta \u00e9 uma das principais caracter\u00edsticas que n\u00e3o pode ser perdida na pr\u00e1tica pol\u00edtica democr\u00e1tica e plural, defendem os autores. Juca Kfouri, que assina um dos textos do livro, sintetizou o sentimento: &#8220;Tem uma coisa que nos distingue dessa gente que, deploravelmente, est\u00e1 ganhando. N\u00f3s somos capazes de fazer pol\u00edtica com alegria, com festa, com afeto. Isso \u00e9 absolutamente diferente do que essa gente que est\u00e1 ganhando temporariamente pode fazer&#8221;.<\/p>\n<p>Este livro-manifesto \u00e9 justamente um apelo \u00e0 uni\u00e3o em torno desse sentimento positivo. Ao citar o seu bord\u00e3o mais famoso, Juca completa: &#8220;Mais do que nunca, devemos refor\u00e7ar a ideia de que precisamos novamente nos dar as m\u00e3os e dar a volta por cima. T\u00e3o importante quanto dar as m\u00e3os \u00e9 n\u00e3o desesperar jamais&#8221;.<\/p>\n<p>A escritora Edilamar Galv\u00e3o, autora do texto <em>A F\u00e1bula das Cores, ou Cante para Crian\u00e7as<\/em>, reafirma o tom de solidariedade, e fala da pluralidade presente no livro, que ainda conta com uma m\u00fasica criada especialmente para tal, da cantora Ceumar, em parceria com Lauro Henriques Jr. &#8220;Esse projeto \u00e9 emocionante, o encontro dos 24 textos, a m\u00fasica da Ceumar, dizem que a nossa sa\u00edda \u00e9 essa: continuar fazendo a pol\u00edtica da alegria, do afeto, do encontro. A \u00fanica coisa que n\u00e3o podemos fazer \u00e9 desistir. N\u00e3o podemos recuar. Eles est\u00e3o vencendo temporariamente. Nossa miss\u00e3o \u00e9 ficar no front. Temos que fazer press\u00e3o para n\u00e3o perdermos.&#8221;<\/p>\n<p>Em 192 p\u00e1ginas, ainda est\u00e3o ali textos assinados, entre outros, pelo\u00a0jornalistas\u00a0Leonardo Sakamoto, o escritor Antonio Prata, a psicanalista Vera\u00a0Iaconelli, o ex-ministro da Educa\u00e7\u00e3o Renato Janine Ribeiro, os tamb\u00e9m escritores Juli\u00e1n Fuks e Alexey Dodsworth e por Anielle\u00a0Franco, irm\u00e3 de Marielle Franco, vereadora do Psol do Rio de Janeiro\u00a0assassinada em mar\u00e7o de 2018. <\/p>\n<h3>Luta democr\u00e1tica<\/h3>\n<p>Tain\u00e3 define seu livro como &#8220;apartid\u00e1rio&#8221;, em defesa das liberdades democr\u00e1ticas. Para o jornalista Ant\u00f4nio Prata, que tamb\u00e9m integra a colet\u00e2nea, a uni\u00e3o em torno da sobreviv\u00eancia minimamente digna deve ser central nas lutas por vir.\u00a0 &#8220;Aqueles que cham\u00e1vamos de golpistas h\u00e1 alguns anos, talvez sejam alguns que possamos contar. O centr\u00e3o fisiol\u00f3gico, talvez seja quem vai barrar pena de morte legalizada pela PM. Ou falamos com o Romero Juc\u00e1, ou com um torturador do DOI-Codi. Se tamparmos o nariz e n\u00e3o falarmos, pode ser tarde demais.&#8221;<\/p>\n<p>Ele argumenta que a democracia deve ser um projeto maior, e que \u00e9 necess\u00e1rio &#8220;furar a bolha&#8221; dos que j\u00e1 s\u00e3o engajados no ativismo social. &#8220;Temos que abrir o leque e lutar pela democracia. \u00c9 maior do que nosso projeto, \u00e9 a democracia. Tem mais gente que pensa diferente mas compactua com isso. Temos que negociar neste momento. N\u00e3o podemos nos fechar em nossa bolha para n\u00e3o acontecer o que j\u00e1 est\u00e1 acontecendo&#8221;, disse.<\/p>\n<p>&#8220;Com a vit\u00f3ria do Bolsonaro tenho mais amigos, os fascistas tucanos n\u00e3o parecem mais fascistas. Eu falava que o M\u00e1rio Covas era fascista em 1993. Eu estava errado, abre-se uma vis\u00e3o de um campo democr\u00e1tico. Temos que estender as m\u00e3os para fora daqui para todos que est\u00e3o a fim de defender a democracia. Nossa obriga\u00e7\u00e3o \u00e9 abrir o campo. N\u00e3o vamos fazer resist\u00eancia com gr\u00eamio da FFLCH (<em>Faculdade de Filosofia, Letras e Ci\u00eancias Humanas da Universidade de S\u00e3o Paulo<\/em>). N\u00e3o vamos vencer assim&#8221;, completou.<\/p>\n<p>\u00a0<\/p>\n<p><strong>Fonte: Rede Brasil Atual<\/strong><\/p>\n","protected":false},"excerpt":{"rendered":"<p>Ao declarar que &#8220;ningu\u00e9m solta a m\u00e3o de ningu\u00e9m&#8221;, acad\u00eamicos, ativistas e artistas tra\u00e7am sua principal estrat\u00e9gia de resist\u00eancia em tempos sombrios. Em uma noite de celebra\u00e7\u00e3o, muitos deles se encontraram ontem (3) para o lan\u00e7amento do livro que carrega no t\u00edtulo a m\u00e1xima, criada pela artista Thereza Nardelli Silva, que ganhou as redes sociais [&hellip;]<\/p>\n","protected":false},"author":2,"featured_media":6421,"comment_status":"","ping_status":"","sticky":false,"template":"","format":"standard","meta":{"footnotes":""},"categories":[3],"tags":[],"class_list":["post-6422","post","type-post","status-publish","format-standard","has-post-thumbnail","hentry","category-noticias"],"_links":{"self":[{"href":"https:\/\/hostnetart.com.br\/baixada\/wp-json\/wp\/v2\/posts\/6422","targetHints":{"allow":["GET"]}}],"collection":[{"href":"https:\/\/hostnetart.com.br\/baixada\/wp-json\/wp\/v2\/posts"}],"about":[{"href":"https:\/\/hostnetart.com.br\/baixada\/wp-json\/wp\/v2\/types\/post"}],"author":[{"embeddable":true,"href":"https:\/\/hostnetart.com.br\/baixada\/wp-json\/wp\/v2\/users\/2"}],"replies":[{"embeddable":true,"href":"https:\/\/hostnetart.com.br\/baixada\/wp-json\/wp\/v2\/comments?post=6422"}],"version-history":[{"count":0,"href":"https:\/\/hostnetart.com.br\/baixada\/wp-json\/wp\/v2\/posts\/6422\/revisions"}],"wp:featuredmedia":[{"embeddable":true,"href":"https:\/\/hostnetart.com.br\/baixada\/wp-json\/wp\/v2\/media\/6421"}],"wp:attachment":[{"href":"https:\/\/hostnetart.com.br\/baixada\/wp-json\/wp\/v2\/media?parent=6422"}],"wp:term":[{"taxonomy":"category","embeddable":true,"href":"https:\/\/hostnetart.com.br\/baixada\/wp-json\/wp\/v2\/categories?post=6422"},{"taxonomy":"post_tag","embeddable":true,"href":"https:\/\/hostnetart.com.br\/baixada\/wp-json\/wp\/v2\/tags?post=6422"}],"curies":[{"name":"wp","href":"https:\/\/api.w.org\/{rel}","templated":true}]}}