{"id":6416,"date":"2019-04-03T16:50:13","date_gmt":"2019-04-03T19:50:13","guid":{"rendered":"https:\/\/hostnetart.com.br\/baixada\/suspeita-de-gestao-fraudulenta-de-guedes-em-fundos-de-pensao-e-alvo-do-tcu\/"},"modified":"2019-04-03T16:50:13","modified_gmt":"2019-04-03T19:50:13","slug":"suspeita-de-gestao-fraudulenta-de-guedes-em-fundos-de-pensao-e-alvo-do-tcu","status":"publish","type":"post","link":"https:\/\/hostnetart.com.br\/baixada\/suspeita-de-gestao-fraudulenta-de-guedes-em-fundos-de-pensao-e-alvo-do-tcu\/","title":{"rendered":"Suspeita de &#8216;gest\u00e3o fraudulenta&#8217; de Guedes em fundos de pens\u00e3o \u00e9 alvo do TCU"},"content":{"rendered":"<p class=\" \">O ministro da Economia,\u00a0<a class=\"internal-link\" title=\"\" href=\"https:\/\/www.redebrasilatual.com.br\/politica\/2019\/03\/guedes-falta-debate-da-reforma-da-previdencia-reforca-crise-com-legislativo\" target=\"_blank\" rel=\"noopener noreferrer\">Paulo Guedes<\/a>, poder\u00e1 responder por &#8220;gest\u00e3o fraudulenta ou temer\u00e1ria&#8221; em processo aberto pelo Tribunal de Contas da Uni\u00e3o. O TCU investiga suspeitas de fraudes em neg\u00f3cios feitos por uma empresa do chefe da pasta de Jair Bolsonaro com fundos de pens\u00e3o de companhias estatais. As informa\u00e7\u00f5es s\u00e3o do jornal\u00a0<em><a class=\"external-link\" title=\"\" href=\"https:\/\/www1.folha.uol.com.br\/mercado\/2019\/04\/tcu-investiga-negocios-de-guedes-com-fundos-de-pensao.shtml\" target=\"_blank\" rel=\"noopener noreferrer\">Folha de S. Paulo<\/a><\/em>.<\/p>\n<p class=\" \">O tribunal apura irregularidades apontadas pela Superintend\u00eancia Nacional da Previd\u00eancia Complementar (Previc), na Funcef, respons\u00e1vel pela previd\u00eancia dos funcion\u00e1rios da Caixa, Previ (Banco do Brasil), Petros (Petrobras) e Postalis (Correios).\u00a0De acordo com as suspeitas, a atua\u00e7\u00e3o da gestora de ativos que pertencia a Guedes at\u00e9 o ano passado teria causado preju\u00edzos milion\u00e1rios aos fundos de pens\u00e3o dessas entidades respons\u00e1veis pela aposentadoria complementar de funcion\u00e1rios das estatais, a partir da capta\u00e7\u00e3o e aplica\u00e7\u00e3o de R$ 1 bilh\u00e3o, desde 2009. Em contrapartida, as transa\u00e7\u00f5es teriam proporcionado ganhos excessivos para o ministro.<\/p>\n<p class=\" \">O processo do TCU, ainda em fase inicial, contra a empresa de Guedes tem por base as investiga\u00e7\u00f5es que v\u00eam se desenrolando, desde outubro do ano passado, por parte do\u00a0<a class=\"internal-link\" title=\"\" href=\"https:\/\/www.redebrasilatual.com.br\/eleicoes-2018\/mpf-investiga-paulo-guedes-por-gestao-fraudulenta-em-fundo-de-pensao\" target=\"_blank\" rel=\"noopener noreferrer\">Minist\u00e9rio P\u00fablico Federal (MPF), que tamb\u00e9m aponta &#8220;vantagens econ\u00f4micas&#8221;<\/a>\u00a0indevidas.<\/p>\n<p class=\" \">Conforme a\u00a0den\u00fancia do MPF, a empresa de gest\u00e3o de investimento de Guedes, a partir de cobran\u00e7as de comiss\u00f5es &#8220;abusivas&#8221;, teriam rendido um total de R$ 152,9 milh\u00f5es, entre 2009 e 2014, enquanto os rendimentos devidos aos fundos de pens\u00e3o das estatais foram menores em decorr\u00eancia das fraudes.<\/p>\n<p class=\" \">A defesa do ministro que encabe\u00e7a a\u00a0<a class=\"external-link\" title=\"\" href=\"http:\/\/minhaaposentadoria.net.br\/\" target=\"_blank\" rel=\"noopener noreferrer\">&#8220;reforma&#8221; da Previd\u00eancia\u00a0<\/a>do governo Bolsonaro, alegou em nota \u00e0\u00a0<em>Folha,<\/em>\u00a0ter agido dentro da legalidade. &#8220;J\u00e1 foi apresentada ao Minist\u00e9rio P\u00fablico Federal vasta documenta\u00e7\u00e3o e peti\u00e7\u00e3o comprovando a dilig\u00eancia, lisura e lucratividade dos investimentos&#8221;, declara os advogados de Guedes.\u00a0<\/p>\n<p class=\" \">\u00a0<\/p>\n<p class=\" \"><strong>Fonte: Rede Brasil Atual<\/strong><\/p>\n","protected":false},"excerpt":{"rendered":"<p>O ministro da Economia,\u00a0Paulo Guedes, poder\u00e1 responder por &#8220;gest\u00e3o fraudulenta ou temer\u00e1ria&#8221; em processo aberto pelo Tribunal de Contas da Uni\u00e3o. O TCU investiga suspeitas de fraudes em neg\u00f3cios feitos por uma empresa do chefe da pasta de Jair Bolsonaro com fundos de pens\u00e3o de companhias estatais. As informa\u00e7\u00f5es s\u00e3o do jornal\u00a0Folha de S. Paulo. [&hellip;]<\/p>\n","protected":false},"author":2,"featured_media":6415,"comment_status":"","ping_status":"","sticky":false,"template":"","format":"standard","meta":{"footnotes":""},"categories":[3],"tags":[],"class_list":["post-6416","post","type-post","status-publish","format-standard","has-post-thumbnail","hentry","category-noticias"],"_links":{"self":[{"href":"https:\/\/hostnetart.com.br\/baixada\/wp-json\/wp\/v2\/posts\/6416","targetHints":{"allow":["GET"]}}],"collection":[{"href":"https:\/\/hostnetart.com.br\/baixada\/wp-json\/wp\/v2\/posts"}],"about":[{"href":"https:\/\/hostnetart.com.br\/baixada\/wp-json\/wp\/v2\/types\/post"}],"author":[{"embeddable":true,"href":"https:\/\/hostnetart.com.br\/baixada\/wp-json\/wp\/v2\/users\/2"}],"replies":[{"embeddable":true,"href":"https:\/\/hostnetart.com.br\/baixada\/wp-json\/wp\/v2\/comments?post=6416"}],"version-history":[{"count":0,"href":"https:\/\/hostnetart.com.br\/baixada\/wp-json\/wp\/v2\/posts\/6416\/revisions"}],"wp:featuredmedia":[{"embeddable":true,"href":"https:\/\/hostnetart.com.br\/baixada\/wp-json\/wp\/v2\/media\/6415"}],"wp:attachment":[{"href":"https:\/\/hostnetart.com.br\/baixada\/wp-json\/wp\/v2\/media?parent=6416"}],"wp:term":[{"taxonomy":"category","embeddable":true,"href":"https:\/\/hostnetart.com.br\/baixada\/wp-json\/wp\/v2\/categories?post=6416"},{"taxonomy":"post_tag","embeddable":true,"href":"https:\/\/hostnetart.com.br\/baixada\/wp-json\/wp\/v2\/tags?post=6416"}],"curies":[{"name":"wp","href":"https:\/\/api.w.org\/{rel}","templated":true}]}}