{"id":6414,"date":"2019-04-03T16:35:25","date_gmt":"2019-04-03T19:35:25","guid":{"rendered":"https:\/\/hostnetart.com.br\/baixada\/santander-movimento-conquista-mudanca-no-desconto-do-vale-transporte\/"},"modified":"2019-04-03T16:35:25","modified_gmt":"2019-04-03T19:35:25","slug":"santander-movimento-conquista-mudanca-no-desconto-do-vale-transporte","status":"publish","type":"post","link":"https:\/\/hostnetart.com.br\/baixada\/santander-movimento-conquista-mudanca-no-desconto-do-vale-transporte\/","title":{"rendered":"Santander: Movimento conquista mudan\u00e7a no desconto do vale-transporte"},"content":{"rendered":"<p>O banco Santander vai corrigir a forma de desconto dos valores referentes ao vale-transporte de seus funcion\u00e1rios a partir deste m\u00eas. A decis\u00e3o foi tomada em atendimento \u00e0 reivindica\u00e7\u00e3o das entidades de representa\u00e7\u00e3o dos trabalhadores.<\/p>\n<p>\u201cJ\u00e1 hav\u00edamos informado \u00e0 Fenaban (Federa\u00e7\u00e3o Nacional dos Bancos) que alguns bancos estavam descontando valores a mais do vale-transporte de seus funcion\u00e1rios. Tinha ficado acertado que a corre\u00e7\u00e3o seria feita at\u00e9 mar\u00e7o\u201d, disse a presidenta da Confedera\u00e7\u00e3o Nacional dos Trabalhadores do Ramo Financeiro (Contraf-CUT), Juvandia Moreira.<\/p>\n<p>A cl\u00e1usula 21 da Conven\u00e7\u00e3o Coletiva de Trabalho (CCT) da categoria determina que os banc\u00e1rios devem arcar com 4% do sal\u00e1rio b\u00e1sico. O banco, no entanto, vinha efetuando o desconto de 4% sobre a remunera\u00e7\u00e3o integrada \u00e0s gratifica\u00e7\u00f5es de fun\u00e7\u00e3o.<\/p>\n<p>Nesta semana, o banco\u00a0<a href=\"https:\/\/contrafcut.com.br\/noticias\/depois-da-negociacao-bradesco-vai-corrigir-forma-de-desconto-do-vale-transporte\/\" target=\"_blank\" rel=\"noopener noreferrer\">Bradesco j\u00e1 havia anunciado<\/a>\u00a0a corre\u00e7\u00e3o do problema ap\u00f3s negocia\u00e7\u00e3o com a Contraf-CUT.<\/p>\n<p>\u00a0<\/p>\n<p><strong>Fonte: Contraf-CUT<\/strong><\/p>\n","protected":false},"excerpt":{"rendered":"<p>O banco Santander vai corrigir a forma de desconto dos valores referentes ao vale-transporte de seus funcion\u00e1rios a partir deste m\u00eas. A decis\u00e3o foi tomada em atendimento \u00e0 reivindica\u00e7\u00e3o das entidades de representa\u00e7\u00e3o dos trabalhadores. \u201cJ\u00e1 hav\u00edamos informado \u00e0 Fenaban (Federa\u00e7\u00e3o Nacional dos Bancos) que alguns bancos estavam descontando valores a mais do vale-transporte de [&hellip;]<\/p>\n","protected":false},"author":2,"featured_media":6413,"comment_status":"","ping_status":"","sticky":false,"template":"","format":"standard","meta":{"footnotes":""},"categories":[3],"tags":[],"class_list":["post-6414","post","type-post","status-publish","format-standard","has-post-thumbnail","hentry","category-noticias"],"_links":{"self":[{"href":"https:\/\/hostnetart.com.br\/baixada\/wp-json\/wp\/v2\/posts\/6414","targetHints":{"allow":["GET"]}}],"collection":[{"href":"https:\/\/hostnetart.com.br\/baixada\/wp-json\/wp\/v2\/posts"}],"about":[{"href":"https:\/\/hostnetart.com.br\/baixada\/wp-json\/wp\/v2\/types\/post"}],"author":[{"embeddable":true,"href":"https:\/\/hostnetart.com.br\/baixada\/wp-json\/wp\/v2\/users\/2"}],"replies":[{"embeddable":true,"href":"https:\/\/hostnetart.com.br\/baixada\/wp-json\/wp\/v2\/comments?post=6414"}],"version-history":[{"count":0,"href":"https:\/\/hostnetart.com.br\/baixada\/wp-json\/wp\/v2\/posts\/6414\/revisions"}],"wp:featuredmedia":[{"embeddable":true,"href":"https:\/\/hostnetart.com.br\/baixada\/wp-json\/wp\/v2\/media\/6413"}],"wp:attachment":[{"href":"https:\/\/hostnetart.com.br\/baixada\/wp-json\/wp\/v2\/media?parent=6414"}],"wp:term":[{"taxonomy":"category","embeddable":true,"href":"https:\/\/hostnetart.com.br\/baixada\/wp-json\/wp\/v2\/categories?post=6414"},{"taxonomy":"post_tag","embeddable":true,"href":"https:\/\/hostnetart.com.br\/baixada\/wp-json\/wp\/v2\/tags?post=6414"}],"curies":[{"name":"wp","href":"https:\/\/api.w.org\/{rel}","templated":true}]}}