{"id":6404,"date":"2019-04-03T14:46:24","date_gmt":"2019-04-03T17:46:24","guid":{"rendered":"https:\/\/hostnetart.com.br\/baixada\/reforma-da-previdencia-bancos-acima-de-tudo-e-lucro-acima-de-todos\/"},"modified":"2019-04-03T14:46:24","modified_gmt":"2019-04-03T17:46:24","slug":"reforma-da-previdencia-bancos-acima-de-tudo-e-lucro-acima-de-todos","status":"publish","type":"post","link":"https:\/\/hostnetart.com.br\/baixada\/reforma-da-previdencia-bancos-acima-de-tudo-e-lucro-acima-de-todos\/","title":{"rendered":"\u2018Reforma\u2019 da Previd\u00eancia: \u2018Bancos acima de tudo e lucro acima de todos\u2019"},"content":{"rendered":"<p>A proposta de\u00a0<a href=\"https:\/\/minhaaposentadoria.net.br\/tag\/reforma-da-previdencia\/\">\u201creforma\u201d da Previd\u00eancia<\/a>\u00a0do governo de Jair Bolsonaro \u201c\u2018implode\u2019 a Previd\u00eancia Social p\u00fablica e solid\u00e1ria constru\u00edda a partir de 1923, mas consolidada no Estado do Bem-estar Social tupiniquim com a institui\u00e7\u00e3o do Sistema de Seguridade Social, trazido pela Constitui\u00e7\u00e3o Cidad\u00e3 de 1988\u201d. A avalia\u00e7\u00e3o \u00e9 do jornalista e auditor fiscal aposentado Vilson Romero, da coordena\u00e7\u00e3o da Frente Ga\u00facha em Defesa da Previd\u00eancia, em\u00a0<a href=\"https:\/\/www.anfip.org.br\/artigo-clipping-e-imprensa\/reforma-da-previdencia-lucro-acima-de-todos\/\">entrevista ao jornal\u00a0<\/a><em><a href=\"https:\/\/www.anfip.org.br\/artigo-clipping-e-imprensa\/reforma-da-previdencia-lucro-acima-de-todos\/\">Extra Classe<\/a><\/em>.<\/p>\n<p>Para Romero, tal demoli\u00e7\u00e3o decorre de dois fatores principais trazidos na\u00a0<a href=\"https:\/\/minhaaposentadoria.net.br\/tag\/pec-6-2019\/\">PEC 6\/2019<\/a>. \u201cA destrui\u00e7\u00e3o de t\u00e3o relevante instrumento de redistribui\u00e7\u00e3o de renda ocorre, em especial, por duas medidas trazidas por esta proposta de emenda: a desconstitucionaliza\u00e7\u00e3o e a abertura para a capitaliza\u00e7\u00e3o\u201d, pontua.<\/p>\n<p>Um dos efeitos da desconstitucionaliza\u00e7\u00e3o da Previd\u00eancia \u00e9 o aumento da inseguran\u00e7a para o trabalhador. \u201c\u00c9 fundamental que as garantias de prote\u00e7\u00e3o social estejam inseridas no texto constitucional, sen\u00e3o o livre arb\u00edtrio de estabelecimento de par\u00e2metros ao bel prazer do inquilino do Pal\u00e1cio do Planalto, por legisla\u00e7\u00e3o complementar, aprov\u00e1vel por qu\u00f3rum da metade mais um dos membros do Congresso, trar\u00e1 inseguran\u00e7a jur\u00eddica sem precedentes na recente hist\u00f3ria nacional.\u201d<\/p>\n<p>Questionando o alegado d\u00e9ficit do sistema, Romero diz que o governo adota uma \u201ccontabilidade criativa\u201d dando uma \u201cpedalada\u201d na Constitui\u00e7\u00e3o Federal, j\u00e1 que se exlcui das contas os recursos oriundos das contribui\u00e7\u00f5es sociais (Cofins, CSLL, sobre a folha, concurso de progn\u00f3sticos e PIS\/Pasep). \u201cCom certeza, precisamos aperfei\u00e7oar a Previd\u00eancia, tendo em conta a evolu\u00e7\u00e3o demogr\u00e1fica, as condi\u00e7\u00f5es de vida da popula\u00e7\u00e3o, mas n\u00e3o promovendo rupturas, nem altera\u00e7\u00f5es draconianas que satanizem os trabalhadores de quaisquer setores\u201d, analisa.<\/p>\n<p>Romero fala tamb\u00e9m sobre a quem interessa a proposta do governo. \u201cUm or\u00e7amento que movimenta mais de R$ 1 trilh\u00e3o ao ano, se considerarmos INSS, os Regimes Pr\u00f3prios de Uni\u00e3o, estados, DF e munic\u00edpios, mais o sistema dos militares, com certeza, \u00e9 ambicionado pelas corpora\u00e7\u00f5es financeiras nacionais e estrangeiras. E, em particular, ao pretender direcionar todas as alternativas de alguma renda ao fim da vida laborativa para serem geridas por bancos e financeiras, abre-se uma janela de \u2018oportunidade enorme\u2019, onde podemos aplicar um novo lema para o atual governo: \u2018Bancos acima de tudo e lucro acima de todos\u2019.\u201d<\/p>\n<p>Confira a\u00a0<a href=\"https:\/\/www.anfip.org.br\/artigo-clipping-e-imprensa\/reforma-da-previdencia-lucro-acima-de-todos\/\">\u00edntegra da entrevista<\/a>.<\/p>\n<p>\u00a0<\/p>\n<p><strong>Fonte: Contraf-CUT<\/strong><\/p>\n","protected":false},"excerpt":{"rendered":"<p>A proposta de\u00a0\u201creforma\u201d da Previd\u00eancia\u00a0do governo de Jair Bolsonaro \u201c\u2018implode\u2019 a Previd\u00eancia Social p\u00fablica e solid\u00e1ria constru\u00edda a partir de 1923, mas consolidada no Estado do Bem-estar Social tupiniquim com a institui\u00e7\u00e3o do Sistema de Seguridade Social, trazido pela Constitui\u00e7\u00e3o Cidad\u00e3 de 1988\u201d. A avalia\u00e7\u00e3o \u00e9 do jornalista e auditor fiscal aposentado Vilson Romero, da [&hellip;]<\/p>\n","protected":false},"author":2,"featured_media":6403,"comment_status":"","ping_status":"","sticky":false,"template":"","format":"standard","meta":{"footnotes":""},"categories":[3],"tags":[],"class_list":["post-6404","post","type-post","status-publish","format-standard","has-post-thumbnail","hentry","category-noticias"],"_links":{"self":[{"href":"https:\/\/hostnetart.com.br\/baixada\/wp-json\/wp\/v2\/posts\/6404","targetHints":{"allow":["GET"]}}],"collection":[{"href":"https:\/\/hostnetart.com.br\/baixada\/wp-json\/wp\/v2\/posts"}],"about":[{"href":"https:\/\/hostnetart.com.br\/baixada\/wp-json\/wp\/v2\/types\/post"}],"author":[{"embeddable":true,"href":"https:\/\/hostnetart.com.br\/baixada\/wp-json\/wp\/v2\/users\/2"}],"replies":[{"embeddable":true,"href":"https:\/\/hostnetart.com.br\/baixada\/wp-json\/wp\/v2\/comments?post=6404"}],"version-history":[{"count":0,"href":"https:\/\/hostnetart.com.br\/baixada\/wp-json\/wp\/v2\/posts\/6404\/revisions"}],"wp:featuredmedia":[{"embeddable":true,"href":"https:\/\/hostnetart.com.br\/baixada\/wp-json\/wp\/v2\/media\/6403"}],"wp:attachment":[{"href":"https:\/\/hostnetart.com.br\/baixada\/wp-json\/wp\/v2\/media?parent=6404"}],"wp:term":[{"taxonomy":"category","embeddable":true,"href":"https:\/\/hostnetart.com.br\/baixada\/wp-json\/wp\/v2\/categories?post=6404"},{"taxonomy":"post_tag","embeddable":true,"href":"https:\/\/hostnetart.com.br\/baixada\/wp-json\/wp\/v2\/tags?post=6404"}],"curies":[{"name":"wp","href":"https:\/\/api.w.org\/{rel}","templated":true}]}}