{"id":6402,"date":"2019-04-02T15:46:35","date_gmt":"2019-04-02T18:46:35","guid":{"rendered":"https:\/\/hostnetart.com.br\/baixada\/solucao-para-noticias-falsas-passa-pela-criacao-de-politicas-eficazes\/"},"modified":"2019-04-02T15:46:35","modified_gmt":"2019-04-02T18:46:35","slug":"solucao-para-noticias-falsas-passa-pela-criacao-de-politicas-eficazes","status":"publish","type":"post","link":"https:\/\/hostnetart.com.br\/baixada\/solucao-para-noticias-falsas-passa-pela-criacao-de-politicas-eficazes\/","title":{"rendered":"Solu\u00e7\u00e3o para not\u00edcias falsas passa pela cria\u00e7\u00e3o de pol\u00edticas eficazes"},"content":{"rendered":"<p class=\" \">Representantes da sociedade civil cobraram a cria\u00e7\u00e3o de pol\u00edticas eficazes para combater as chamadas\u00a0<i><a class=\"internal-link\" title=\"\" href=\"https:\/\/www.redebrasilatual.com.br\/politica\/2018\/10\/circulacao-de-fake-news-nas-redes-mostra-enfraquecimento-da-democracia-alerta-professor\" target=\"_blank\" rel=\"noopener noreferrer\">fake news<\/a><\/i>\u00a0por parte das empresas respons\u00e1veis por plataforma de internet. A tem\u00e1tica das\u00a0<a class=\"internal-link\" title=\"\" href=\"https:\/\/www.redebrasilatual.com.br\/cidadania\/2019\/03\/noticias-falsas-aumentam-onda-de-violencia-e-perseguicao-no-brasil\" target=\"_blank\" rel=\"noopener noreferrer\">not\u00edcias falsas<\/a>\u00a0foi debatida em audi\u00eancia p\u00fablica da Comiss\u00e3o de Direitos Humanos do Senado realizada nesta segunda-feira (1\u00b0).<\/p>\n<p class=\" \">Os movimentos reconhecem que o bloqueio de conte\u00fados ofensivos e falsos n\u00e3o \u00e9 uma tarefa f\u00e1cil, mas que \u00e9 tamb\u00e9m de responsabilidade das empresas, e da pr\u00f3pria Justi\u00e7a, investigar os produtores de conte\u00fado, como explica a pesquisadora do Instituto Alana, Marina Pita, ao rep\u00f3rter U\u00e9lson Kalinovski, do\u00a0<i>Seu Jornal<\/i>, da\u00a0<b>TVT<\/b>. \u00a0<\/p>\n<p class=\" \">&#8220;Eu acho que a gente tem que olhar para algumas coisas que s\u00e3o simples, que n\u00f3s conseguimos todos compactuar, por exemplo, a import\u00e2ncia da transpar\u00eancia&#8221;, destaca Marina em refer\u00eancia a quais crit\u00e9rios s\u00e3o usados pelas empresas para classificar como desinforma\u00e7\u00e3o, impedindo uma restri\u00e7\u00e3o generalizada. &#8220;Isso tamb\u00e9m pode gerar danos \u00e0 sociedade no sentido de limitar a capacidade de liberdade de express\u00e3o de alguns grupos&#8221;, ressalta.<\/p>\n<p class=\" \">\u00a0<\/p>\n<p class=\" \"><strong>Fonte: Rede Brasil Atual<\/strong><\/p>\n","protected":false},"excerpt":{"rendered":"<p>Representantes da sociedade civil cobraram a cria\u00e7\u00e3o de pol\u00edticas eficazes para combater as chamadas\u00a0fake news\u00a0por parte das empresas respons\u00e1veis por plataforma de internet. A tem\u00e1tica das\u00a0not\u00edcias falsas\u00a0foi debatida em audi\u00eancia p\u00fablica da Comiss\u00e3o de Direitos Humanos do Senado realizada nesta segunda-feira (1\u00b0). Os movimentos reconhecem que o bloqueio de conte\u00fados ofensivos e falsos n\u00e3o \u00e9 [&hellip;]<\/p>\n","protected":false},"author":2,"featured_media":6401,"comment_status":"","ping_status":"","sticky":false,"template":"","format":"standard","meta":{"footnotes":""},"categories":[3],"tags":[],"class_list":["post-6402","post","type-post","status-publish","format-standard","has-post-thumbnail","hentry","category-noticias"],"_links":{"self":[{"href":"https:\/\/hostnetart.com.br\/baixada\/wp-json\/wp\/v2\/posts\/6402","targetHints":{"allow":["GET"]}}],"collection":[{"href":"https:\/\/hostnetart.com.br\/baixada\/wp-json\/wp\/v2\/posts"}],"about":[{"href":"https:\/\/hostnetart.com.br\/baixada\/wp-json\/wp\/v2\/types\/post"}],"author":[{"embeddable":true,"href":"https:\/\/hostnetart.com.br\/baixada\/wp-json\/wp\/v2\/users\/2"}],"replies":[{"embeddable":true,"href":"https:\/\/hostnetart.com.br\/baixada\/wp-json\/wp\/v2\/comments?post=6402"}],"version-history":[{"count":0,"href":"https:\/\/hostnetart.com.br\/baixada\/wp-json\/wp\/v2\/posts\/6402\/revisions"}],"wp:featuredmedia":[{"embeddable":true,"href":"https:\/\/hostnetart.com.br\/baixada\/wp-json\/wp\/v2\/media\/6401"}],"wp:attachment":[{"href":"https:\/\/hostnetart.com.br\/baixada\/wp-json\/wp\/v2\/media?parent=6402"}],"wp:term":[{"taxonomy":"category","embeddable":true,"href":"https:\/\/hostnetart.com.br\/baixada\/wp-json\/wp\/v2\/categories?post=6402"},{"taxonomy":"post_tag","embeddable":true,"href":"https:\/\/hostnetart.com.br\/baixada\/wp-json\/wp\/v2\/tags?post=6402"}],"curies":[{"name":"wp","href":"https:\/\/api.w.org\/{rel}","templated":true}]}}