{"id":6396,"date":"2019-04-02T14:20:25","date_gmt":"2019-04-02T17:20:25","guid":{"rendered":"https:\/\/hostnetart.com.br\/baixada\/mobilizacao-popular-e-saida-para-impedir-desmonte-da-previdencia-2\/"},"modified":"2019-04-02T14:20:25","modified_gmt":"2019-04-02T17:20:25","slug":"mobilizacao-popular-e-saida-para-impedir-desmonte-da-previdencia-2","status":"publish","type":"post","link":"https:\/\/hostnetart.com.br\/baixada\/mobilizacao-popular-e-saida-para-impedir-desmonte-da-previdencia-2\/","title":{"rendered":"Mobiliza\u00e7\u00e3o popular \u00e9 sa\u00edda para impedir desmonte da Previd\u00eancia"},"content":{"rendered":"<p>A reforma da Previd\u00eancia acaba com o sistema de prote\u00e7\u00e3o social da sociedade brasileira e tem como objetivo atender os interesses do capital financeiro. Esta \u00e9 a conclus\u00e3o do ex-ministro da Previd\u00eancia Carlos Eduardo Gabas, que participou do semin\u00e1rio: O Desmonte da Previd\u00eancia Social e os Impactos da MP 873\/2019, na sexta-feira (29), no Sindicato dos Banc\u00e1rios de Pernambuco.<\/p>\n<p>O evento contou com a presen\u00e7a de lideran\u00e7as partid\u00e1rias, representantes de entidades sindicais e de base e movimentos sociais, reunindo cerca de 300 pessoas no audit\u00f3rio da entidade.<\/p>\n<p>A presidenta do Sindicato, Suzineide Rodrigues, coordenou o semin\u00e1rio. Al\u00e9m do ex-ministro Carlos Gabas, participaram o deputado Federal Carlos Veras (PT-PE), o especialista em Previd\u00eancia, Almir Reis, e o advogado trabalhista, Ricardo Thibau.<\/p>\n<p>\u201cN\u00e3o \u00e9 f\u00e1cil para o movimento sindical, para a classe trabalhadora, enfrentar esse golpe institucionalizado de Bolsonaro. Mas, por isso mesmo, temos que pensar em sa\u00eddas, fazer o nosso lobby com os deputados federais e senadores. Mas isso n\u00e3o ter\u00e1 valia sem o povo nas ruas, conscientes de que eles podem fazer a mudan\u00e7a para que a gente n\u00e3o deixe essa reforma da Previd\u00eancia passar\u201d, afirmou na abertura do evento, Suzineide Rodrigues.<\/p>\n<p>Gabas analisou a Proposta de Emenda \u00e0 Constitui\u00e7\u00e3o (PEC) 06\/2019 do governo Bolsonaro e fez cr\u00edticas \u00e0 aus\u00eancia de c\u00e1lculos atuariais. O ex-ministro garante que a Previd\u00eancia Social n\u00e3o est\u00e1 falida.<\/p>\n<p>\u201cFazem uma confus\u00e3o nas contas, porque querem entregar a Previd\u00eancia para os bancos. N\u00f3s n\u00e3o podemos entrar na l\u00f3gica da elite, dos neoliberais. Acho que n\u00e3o temos que entrar nessa discuss\u00e3o se \u00e9 superavit\u00e1ria ou deficit\u00e1ria. O que n\u00f3s temos que fazer \u00e9 resgatar o conceito constitucional de seguridade social no Brasil. N\u00f3s todos sabemos que o capitalismo reproduz a concentra\u00e7\u00e3o de renda e a exclus\u00e3o social. Ent\u00e3o, a constitui\u00e7\u00e3o assegura um modelo onde toda a sociedade \u00e9 respons\u00e1vel por reduzir a desigualdade social. Esse conceito est\u00e1 na solidariedade. Eles querem destruir isso\u201d, afirma Gabas.<\/p>\n<p>A reforma da Previd\u00eancia retira direitos dos mais pobres, enquanto reduz contribui\u00e7\u00e3o e perdoa d\u00edvidas dos grandes devedores e empres\u00e1rios, tornando o atual modelo de reparti\u00e7\u00e3o, onde o empregador, o trabalhador e o Estado contribuem, em um sistema de capitaliza\u00e7\u00e3o excludente e desigual.<\/p>\n<p>O deputado Federal Carlos Veras (PT-PE), que integrou o grupo de debatedores, destacou que a press\u00e3o popular poder\u00e1 interferir na vota\u00e7\u00e3o do Congresso Nacional. \u201cN\u00f3s vamos fazer de tudo para n\u00e3o deixar essa reforma passar. Agora, fundamentalmente, o que vai garantir que essa reforma n\u00e3o passe \u00e9 gente na rua, nas bases eleitorais dos deputados Federais. Eu n\u00e3o quero ser o \u00fanico deputado Federal de Pernambuco votando contra essa reforma. Eu quero os 25 deputados de Pernambuco votando contra. E isso s\u00f3 vai acontecer com press\u00e3o nas bases\u201d, conclui Veras.<\/p>\n<p>As consequ\u00eancias da desconstitucionaliza\u00e7\u00e3o da Previd\u00eancia Social e os impactos da Medida Provis\u00f3ria 873\/2019, que altera os mecanismos de custeio sindical, tornando ainda mais dif\u00edcil a situa\u00e7\u00e3o financeira das entidades e atacando o direito \u00e0 livre organiza\u00e7\u00e3o dos trabalhadores, tamb\u00e9m foram tratados durante o semin\u00e1rio.<br \/>O ex-ministro Carlos Gabas segue com agenda de audi\u00eancias p\u00fablicas pelo Brasil para esclarecer a popula\u00e7\u00e3o sobre os preju\u00edzos da reforma da Previd\u00eancia. A agenda segue at\u00e9 o dia 29 de abril.<\/p>\n<p>\u00a0<\/p>\n<p><strong>Fonte: Contraf-CUT<\/strong><\/p>\n","protected":false},"excerpt":{"rendered":"<p>A reforma da Previd\u00eancia acaba com o sistema de prote\u00e7\u00e3o social da sociedade brasileira e tem como objetivo atender os interesses do capital financeiro. Esta \u00e9 a conclus\u00e3o do ex-ministro da Previd\u00eancia Carlos Eduardo Gabas, que participou do semin\u00e1rio: O Desmonte da Previd\u00eancia Social e os Impactos da MP 873\/2019, na sexta-feira (29), no Sindicato [&hellip;]<\/p>\n","protected":false},"author":2,"featured_media":6395,"comment_status":"","ping_status":"","sticky":false,"template":"","format":"standard","meta":{"footnotes":""},"categories":[3],"tags":[],"class_list":["post-6396","post","type-post","status-publish","format-standard","has-post-thumbnail","hentry","category-noticias"],"_links":{"self":[{"href":"https:\/\/hostnetart.com.br\/baixada\/wp-json\/wp\/v2\/posts\/6396","targetHints":{"allow":["GET"]}}],"collection":[{"href":"https:\/\/hostnetart.com.br\/baixada\/wp-json\/wp\/v2\/posts"}],"about":[{"href":"https:\/\/hostnetart.com.br\/baixada\/wp-json\/wp\/v2\/types\/post"}],"author":[{"embeddable":true,"href":"https:\/\/hostnetart.com.br\/baixada\/wp-json\/wp\/v2\/users\/2"}],"replies":[{"embeddable":true,"href":"https:\/\/hostnetart.com.br\/baixada\/wp-json\/wp\/v2\/comments?post=6396"}],"version-history":[{"count":0,"href":"https:\/\/hostnetart.com.br\/baixada\/wp-json\/wp\/v2\/posts\/6396\/revisions"}],"wp:featuredmedia":[{"embeddable":true,"href":"https:\/\/hostnetart.com.br\/baixada\/wp-json\/wp\/v2\/media\/6395"}],"wp:attachment":[{"href":"https:\/\/hostnetart.com.br\/baixada\/wp-json\/wp\/v2\/media?parent=6396"}],"wp:term":[{"taxonomy":"category","embeddable":true,"href":"https:\/\/hostnetart.com.br\/baixada\/wp-json\/wp\/v2\/categories?post=6396"},{"taxonomy":"post_tag","embeddable":true,"href":"https:\/\/hostnetart.com.br\/baixada\/wp-json\/wp\/v2\/tags?post=6396"}],"curies":[{"name":"wp","href":"https:\/\/api.w.org\/{rel}","templated":true}]}}