{"id":639,"date":"2015-01-28T16:42:00","date_gmt":"2015-01-28T18:42:00","guid":{"rendered":"https:\/\/hostnetart.com.br\/baixada\/avanco-dos-bancos-publicos-no-credito-nao-impede-freio-nos-emprestimos\/"},"modified":"2015-01-28T16:42:00","modified_gmt":"2015-01-28T18:42:00","slug":"avanco-dos-bancos-publicos-no-credito-nao-impede-freio-nos-emprestimos","status":"publish","type":"post","link":"https:\/\/hostnetart.com.br\/baixada\/avanco-dos-bancos-publicos-no-credito-nao-impede-freio-nos-emprestimos\/","title":{"rendered":"Avan\u00e7o dos bancos p\u00fablicos no cr\u00e9dito n\u00e3o impede freio nos empr\u00e9stimos"},"content":{"rendered":"<p><b style=\"color: #464646;\">Folha de S. Paulo<\/b><br style=\"color: #464646;\" \/><i style=\"color: #464646;\">Eduardo Cucolo<\/i><br style=\"color: #464646;\" \/><br style=\"color: #464646;\" \/><span style=\"color: #464646;\">As opera\u00e7\u00f5es de cr\u00e9dito no Brasil registraram em 2014 o menor ritmo de crescimento em 11 anos, segundo levantamento do Banco Central.<\/span><br style=\"color: #464646;\" \/><span style=\"color: #464646;\">A desacelera\u00e7\u00e3o provocada pela perda de f\u00f4lego da economia brasileira s\u00f3 n\u00e3o foi maior devido, mais uma vez, ao desempenho dos bancos p\u00fablicos, que lideraram a libera\u00e7\u00e3o de recursos pelo s\u00e9timo ano consecutivo.<\/span><br style=\"color: #464646;\" \/><br style=\"color: #464646;\" \/><span style=\"color: #464646;\">O estoque total de empr\u00e9stimos a consumidores e empresas cresceu 11,3% no ano passado, menor percentual desde 2003. Para 2015, o BC espera um avan\u00e7o de 12%, puxado novamente pelos bancos estatais, que devem registrar expans\u00e3o de 14%.<\/span><br style=\"color: #464646;\" \/><br style=\"color: #464646;\" \/><span style=\"color: #464646;\">O ritmo de crescimento das concess\u00f5es de novos financiamentos caiu de 12% em 2013 para 5% em 2014, considerando todo o mercado.<\/span><br style=\"color: #464646;\" \/><span style=\"color: #464646;\">Os bancos p\u00fablicos terminaram o ano com 53% de participa\u00e7\u00e3o de mercado, a maior desde 1998, \u00e9poca que precede a privatiza\u00e7\u00e3o de v\u00e1rias institui\u00e7\u00f5es.Eles devem terminar este ano com participa\u00e7\u00e3o de 55%.<\/span><br style=\"color: #464646;\" \/><br style=\"color: #464646;\" \/><span style=\"color: #464646;\">O freio no cr\u00e9dito nos bancos privados ajudou a reduzir a inadimpl\u00eancia, que passou de 4,3% para 4% nos nacionais e de 4,1% para 3,5% nos estrangeiros que atuam no Brasil. Nos estatais, subiu de 1,8% para 2,1%.<\/span><br style=\"color: #464646;\" \/><br style=\"color: #464646;\" \/><span style=\"color: #464646;\">Reportagem da Folha de setembro mostrou que essa alta nos atrasos tem sido puxada pela Caixa, que apresenta resultado at\u00e9 piores que o setor privado nas linhas ao consumo.<\/span><br style=\"color: #464646;\" \/><br style=\"color: #464646;\" \/><b style=\"color: #464646;\">Habita\u00e7\u00e3o<\/b><br style=\"color: #464646;\" \/><br style=\"color: #464646;\" \/><span style=\"color: #464646;\">O avan\u00e7o dos p\u00fablicos tem sido impulsionado por modalidades com juros subsidiados, como o habitacional e o cr\u00e9dito do BNDES. Essa primeira linha mostrou desacelera\u00e7\u00e3o no ano passado, mas ainda cresce a um ritmo elevado, de quase 30% ao ano.<\/span><br style=\"color: #464646;\" \/><br style=\"color: #464646;\" \/><span style=\"color: #464646;\">A alta nos juros da Caixa nessa linha deve contribuir para que esse crescimento seja um pouco menor em 2015.<\/span><br style=\"color: #464646;\" \/><span style=\"color: #464646;\">Em rela\u00e7\u00e3o ao BNDES, o governo j\u00e1 anunciou a disposi\u00e7\u00e3o de reduzir a atua\u00e7\u00e3o dessa institui\u00e7\u00e3o.<\/span><br style=\"color: #464646;\" \/><br style=\"color: #464646;\" \/><span style=\"color: #464646;\">No ano passado, o banco liberou menos cr\u00e9dito, com queda de 0,5% nos desembolsos. As concess\u00f5es na principal linha para empresas a juros de mercado, o capital de giro, no entanto, recuaram ainda mais (-12%).<\/span><br style=\"color: #464646;\" \/><br style=\"color: #464646;\" \/><b style=\"color: #464646;\">Ve\u00edculos<\/b><br style=\"color: #464646;\" \/><br style=\"color: #464646;\" \/><span style=\"color: #464646;\">A libera\u00e7\u00e3o de novos financiamentos para compra de ve\u00edculos por pessoas f\u00edsicas alcan\u00e7ou em dezembro do ano passado o maior valor desde dezembro de 2010. A concess\u00e3o de R$ 10,1 bilh\u00f5es foi influenciada, segundo o Banco Central, pelo fim do benef\u00edcio do IPI reduzido, no final do m\u00eas.<\/span><br style=\"color: #464646;\" \/><br style=\"color: #464646;\" \/><span style=\"color: #464646;\">Em dezembro, as concess\u00f5es subiram 24% em rela\u00e7\u00e3o a novembro. No ano, no entanto, o avan\u00e7o foi de 2,6%.<\/span><br style=\"color: #464646;\" \/><br style=\"color: #464646;\" \/><span style=\"color: #464646;\">O estoque de financiamentos para ve\u00edculos caiu 4,4% no ano. Segundo o BC, o dado reflete a antecipa\u00e7\u00e3o da compra desses bens em anos anteriores. Em 2010, por exemplo, essa carteira avan\u00e7ou 49%. Em 2011, 27%. Desde 2013 o saldo tem recuado.<\/span><br style=\"color: #464646;\" \/><br style=\"color: #464646;\" \/><span style=\"color: #464646;\">Segundo o BC, a tend\u00eancia \u00e9 que a antecipa\u00e7\u00e3o de compras para aproveitar o benef\u00edcio (que ainda \u00e9 oferecido por algumas montadoras) leve novamente a uma queda nos pr\u00f3ximos meses.<\/span><br style=\"color: #464646;\" \/><br style=\"color: #464646;\" \/><span style=\"color: #464646;\">Para o BC, o aumento do IOF no cr\u00e9dito \u00e0s pessoas f\u00edsicas que come\u00e7ou a valer semana passada deve ter impacto \u201cmodesto\u201d sobre o cr\u00e9dito neste ano. Segundo a institui\u00e7\u00e3o, a alta de 1,5% para 3,0% no tributo pesa mais para os empr\u00e9stimos de curto prazo, uma vez que a cobran\u00e7a se d\u00e1 nos 12 primeiros meses da opera\u00e7\u00e3o.<\/span><\/p>\n","protected":false},"excerpt":{"rendered":"<p>Folha de S. PauloEduardo CucoloAs opera\u00e7\u00f5es de cr\u00e9dito no Brasil registraram em 2014 o menor ritmo de crescimento em 11 anos, segundo levantamento do Banco Central.A desacelera\u00e7\u00e3o provocada pela perda de f\u00f4lego da economia brasileira s\u00f3 n\u00e3o foi maior devido, mais uma vez, ao desempenho dos bancos p\u00fablicos, que lideraram a libera\u00e7\u00e3o de recursos pelo [&hellip;]<\/p>\n","protected":false},"author":1,"featured_media":0,"comment_status":"","ping_status":"","sticky":false,"template":"","format":"standard","meta":{"footnotes":""},"categories":[3],"tags":[],"class_list":["post-639","post","type-post","status-publish","format-standard","hentry","category-noticias"],"_links":{"self":[{"href":"https:\/\/hostnetart.com.br\/baixada\/wp-json\/wp\/v2\/posts\/639","targetHints":{"allow":["GET"]}}],"collection":[{"href":"https:\/\/hostnetart.com.br\/baixada\/wp-json\/wp\/v2\/posts"}],"about":[{"href":"https:\/\/hostnetart.com.br\/baixada\/wp-json\/wp\/v2\/types\/post"}],"author":[{"embeddable":true,"href":"https:\/\/hostnetart.com.br\/baixada\/wp-json\/wp\/v2\/users\/1"}],"replies":[{"embeddable":true,"href":"https:\/\/hostnetart.com.br\/baixada\/wp-json\/wp\/v2\/comments?post=639"}],"version-history":[{"count":0,"href":"https:\/\/hostnetart.com.br\/baixada\/wp-json\/wp\/v2\/posts\/639\/revisions"}],"wp:attachment":[{"href":"https:\/\/hostnetart.com.br\/baixada\/wp-json\/wp\/v2\/media?parent=639"}],"wp:term":[{"taxonomy":"category","embeddable":true,"href":"https:\/\/hostnetart.com.br\/baixada\/wp-json\/wp\/v2\/categories?post=639"},{"taxonomy":"post_tag","embeddable":true,"href":"https:\/\/hostnetart.com.br\/baixada\/wp-json\/wp\/v2\/tags?post=639"}],"curies":[{"name":"wp","href":"https:\/\/api.w.org\/{rel}","templated":true}]}}