{"id":6387,"date":"2019-04-02T13:52:48","date_gmt":"2019-04-02T16:52:48","guid":{"rendered":"https:\/\/hostnetart.com.br\/baixada\/seminario-reafirma-a-importancia-dos-bancos-publicos-para-o-pais\/"},"modified":"2019-04-02T13:52:48","modified_gmt":"2019-04-02T16:52:48","slug":"seminario-reafirma-a-importancia-dos-bancos-publicos-para-o-pais","status":"publish","type":"post","link":"https:\/\/hostnetart.com.br\/baixada\/seminario-reafirma-a-importancia-dos-bancos-publicos-para-o-pais\/","title":{"rendered":"Semin\u00e1rio reafirma a import\u00e2ncia dos bancos p\u00fablicos para o pa\u00eds"},"content":{"rendered":"<p>A defesa dos bancos p\u00fablicos e sua import\u00e2ncia para o desenvolvimento do pa\u00eds foi outro tema discutido no Semin\u00e1rio realizado pelo Sindicato dos Banc\u00e1rios do Piau\u00ed (SEEBF-PI), no s\u00e1bado (303). O debate sobre os bancos p\u00fablicos foi apresentado pela economista t\u00e9cnica do DIEESE, Vivian Machado e pelo deputado federal e coordenado da bancada do Nordeste na C\u00e2mara, J\u00falio C\u00e9sar.<\/p>\n<p>Vivian Machado fez um panorama do sistema financeiro mostrando a import\u00e2ncia dos bancos p\u00fablicos, principalmente para as regi\u00f5es Norte e Nordeste do pa\u00eds. \u201cAcho que a popula\u00e7\u00e3o ainda n\u00e3o se deu conta do quanto \u00e9 fundamental para o desenvolvimento do pa\u00eds, das regi\u00f5es por igual. A presen\u00e7a de um banco p\u00fablico \u00e9 fundamental. Trazer n\u00fameros e argumentos para conhecimento do p\u00fablico \u00e9 importante. Que os representantes das regi\u00f5es defendam l\u00e1 no Congresso a sua regi\u00e3o\u201d, afirmou Vivian.<\/p>\n<p>A t\u00e9cnica do DIEESE ainda ressaltou que o interesse dos bancos p\u00fablicos \u00e9 apenas o lucro e que as pol\u00edticas p\u00fablicas de incentivo partem dos bancos p\u00fablicos. \u201cO setor privado n\u00e3o est\u00e1 interessado no desenvolvimento. Est\u00e1 interessado no lucro, no mercado. N\u00e3o est\u00e1 interessado naquele que precisa do banco, naquele que precisa de pol\u00edticas p\u00fablicas, que precisam de incentivos para a gera\u00e7\u00e3o de emprego e renda. \u00c9 com pol\u00edtica p\u00fablica que voc\u00ea vai conseguir isso, o mercado n\u00e3o traz isso para a popula\u00e7\u00e3o, principalmente das regi\u00f5es Norte e Nordeste do pa\u00eds. \u00c9 fundamental mostrar para a popula\u00e7\u00e3o que a defesa do patrim\u00f4nio p\u00fablico \u00e9 urgente\u201d afirmou.<\/p>\n<h3>Defesa do Banco do Nordeste<\/h3>\n<p>O deputado federal J\u00falio C\u00e9sar ressaltou que \u00e9 totalmente contra a fus\u00e3o do BNB com o BNDES porque ir\u00e1 diminuir o volume de recursos para a regi\u00e3o. Como coordenado da bancada do Nordeste, tem feito a defesa do banco junto ao governo federal, defendo que o BNB \u00e9 um patrim\u00f4nio regional e financiado com recursos do Fundo Constitucional, sendo quem mais investe na regi\u00e3o. \u201cSe compararmos todos os bancos p\u00fablicos e todos os bancos privados, s\u00f3 o Banco do Nordeste investe mais de 60% no setor produtivo a m\u00e9dio e longo prazos. Ent\u00e3o n\u00f3s brigamos pela manuten\u00e7\u00e3o do Banco do Nordeste\u201d, informou o deputado.<\/p>\n<p>J\u00falio C\u00e9sar informou ainda que h\u00e1 uma reuni\u00e3o marcada para o dia 16 de abril com o Governo Federal para tratar do assunto e destacou a uni\u00e3o das bancadas do Norte e Nordeste na defesa de seus bancos regionais. \u201cEstamos trabalhando em conjunto. O Basa e o Banco do Nordeste s\u00e3o dois bancos p\u00fablicos de duas regi\u00f5es importantes que precisam desses bancos para ter um tratamento diferenciado. Como coordenador da bancada do nordeste vamos fazer uma reuni\u00e3o com o presidente da rep\u00fablica, com o ministro da Economia em poucos dias, talvez dia 16 a priori, e vamos discutir esse problema do BNB e os problemas regionais de um modo geral\u201d.<\/p>\n<p>O presidente da CUT-Piau\u00ed, Paulo Bezerra, abriu o evento falando do contexto e da necessidade da gera\u00e7\u00e3o de emprego e renda, do alto n\u00famero de desempregados e desalentados no pa\u00eds, chamando a aten\u00e7\u00e3o para a import\u00e2ncia do debate e do fortalecimento dos bancos p\u00fablicos, das empresas p\u00fablicas na gera\u00e7\u00e3o de emprego e renda. Ressaltou ainda a defesa da Seguridade Social \u00e0 qual est\u00e3o pondo em risco e quanto isso prejudicar\u00e1 o pa\u00eds.<\/p>\n<p>\u00a0<\/p>\n<p><strong>Fonte: Contraf-CUT<\/strong><\/p>\n","protected":false},"excerpt":{"rendered":"<p>A defesa dos bancos p\u00fablicos e sua import\u00e2ncia para o desenvolvimento do pa\u00eds foi outro tema discutido no Semin\u00e1rio realizado pelo Sindicato dos Banc\u00e1rios do Piau\u00ed (SEEBF-PI), no s\u00e1bado (303). O debate sobre os bancos p\u00fablicos foi apresentado pela economista t\u00e9cnica do DIEESE, Vivian Machado e pelo deputado federal e coordenado da bancada do Nordeste [&hellip;]<\/p>\n","protected":false},"author":2,"featured_media":6386,"comment_status":"","ping_status":"","sticky":false,"template":"","format":"standard","meta":{"footnotes":""},"categories":[3],"tags":[],"class_list":["post-6387","post","type-post","status-publish","format-standard","has-post-thumbnail","hentry","category-noticias"],"_links":{"self":[{"href":"https:\/\/hostnetart.com.br\/baixada\/wp-json\/wp\/v2\/posts\/6387","targetHints":{"allow":["GET"]}}],"collection":[{"href":"https:\/\/hostnetart.com.br\/baixada\/wp-json\/wp\/v2\/posts"}],"about":[{"href":"https:\/\/hostnetart.com.br\/baixada\/wp-json\/wp\/v2\/types\/post"}],"author":[{"embeddable":true,"href":"https:\/\/hostnetart.com.br\/baixada\/wp-json\/wp\/v2\/users\/2"}],"replies":[{"embeddable":true,"href":"https:\/\/hostnetart.com.br\/baixada\/wp-json\/wp\/v2\/comments?post=6387"}],"version-history":[{"count":0,"href":"https:\/\/hostnetart.com.br\/baixada\/wp-json\/wp\/v2\/posts\/6387\/revisions"}],"wp:featuredmedia":[{"embeddable":true,"href":"https:\/\/hostnetart.com.br\/baixada\/wp-json\/wp\/v2\/media\/6386"}],"wp:attachment":[{"href":"https:\/\/hostnetart.com.br\/baixada\/wp-json\/wp\/v2\/media?parent=6387"}],"wp:term":[{"taxonomy":"category","embeddable":true,"href":"https:\/\/hostnetart.com.br\/baixada\/wp-json\/wp\/v2\/categories?post=6387"},{"taxonomy":"post_tag","embeddable":true,"href":"https:\/\/hostnetart.com.br\/baixada\/wp-json\/wp\/v2\/tags?post=6387"}],"curies":[{"name":"wp","href":"https:\/\/api.w.org\/{rel}","templated":true}]}}