{"id":6383,"date":"2019-04-01T16:48:05","date_gmt":"2019-04-01T19:48:05","guid":{"rendered":"https:\/\/hostnetart.com.br\/baixada\/pacote-anticrime-de-moro-foi-feito-as-pressas-e-sem-evidencias-juridicas\/"},"modified":"2019-04-01T16:48:05","modified_gmt":"2019-04-01T19:48:05","slug":"pacote-anticrime-de-moro-foi-feito-as-pressas-e-sem-evidencias-juridicas","status":"publish","type":"post","link":"https:\/\/hostnetart.com.br\/baixada\/pacote-anticrime-de-moro-foi-feito-as-pressas-e-sem-evidencias-juridicas\/","title":{"rendered":"Pacote anticrime de Moro foi feito \u00e0s pressas e sem evid\u00eancias jur\u00eddicas"},"content":{"rendered":"<p class=\" \">O chamado\u00a0<a class=\"internal-link\" title=\"\" href=\"https:\/\/www.redebrasilatual.com.br\/cidadania\/2019\/03\/pacote-anticrime-de-moro-vai-ampliar-violencia-avalia-conselho-de-direitos-humanos\" target=\"_blank\" rel=\"noopener noreferrer\">pacote anticrime<\/a>, apresentado em fevereiro pelo ministro da Justi\u00e7a e Seguran\u00e7a P\u00fablica, <a class=\"internal-link\" title=\"\" href=\"https:\/\/www.redebrasilatual.com.br\/politica\/2019\/02\/moro-e-garoto-de-recado-de-bolsonaro-para-formalizar-genocidio-de-jovens-negros\" target=\"_blank\" rel=\"noopener noreferrer\">Sergio Moro<\/a>, foi criado\u00a0sem que se consultassem evid\u00eancias cient\u00edficas ou debate com especialistas em seguran\u00e7a p\u00fablica, acad\u00eamicos ou sociedade civil, segundo apurou o\u00a0jornal <em><a class=\"external-link\" title=\"\" href=\"https:\/\/www1.folha.uol.com.br\/poder\/2019\/04\/debatido-em-23-dias-plano-de-moro-contra-o-crime-se-amparou-em-apelo-popular.shtml\" target=\"_blank\" rel=\"noopener noreferrer\">Folha de S. Paulo<\/a>, <\/em>baseado em documentos obtidos por meio da Lei de Acesso \u00e0 Informa\u00e7\u00e3o. Na an\u00e1lise do ex-prefeito e candidato \u00e0 Presid\u00eancia da Rep\u00fablica nas elei\u00e7\u00f5es de 2018 Fernando Haddad (PT), confirma um &#8220;recorta e cola vergonhoso do Moro&#8221;.<\/p>\n<p class=\" \">&#8220;Maia estava certo&#8221;, escreveu Haddad em seu <a class=\"external-link\" title=\"\" href=\"https:\/\/twitter.com\/Haddad_Fernando\/status\/1112655579615514629\" target=\"_blank\" rel=\"noopener noreferrer\"><i>Twitter<\/i><\/a>, em refer\u00eancia \u00e0 declara\u00e7\u00e3o do presidente da C\u00e2mara, Rodrigo Maia (DEM-RJ), que <a class=\"internal-link\" title=\"\" href=\"https:\/\/www.redebrasilatual.com.br\/politica\/2019\/03\/maia-critica-moro-por-pressao-sobre-pacote-anticrime-conhece-pouco-a-politica\" target=\"_blank\" rel=\"noopener noreferrer\">desqualificou o pacote &#8220;anticrime&#8221; de Moro<\/a> como uma &#8220;c\u00f3pia&#8221; da vers\u00e3o apresentada pelo ex-ministro da pasta no governo de Michel Temer, Alexandre Moraes, agora ministro do Supremo Tribunal Federal (STF).<\/p>\n<p class=\" \">Reportagem da <i>Folha<\/i>\u00a0desta segunda-feira (1\u00ba) aponta que a elabora\u00e7\u00e3o do projeto que afirma pretender combater o crime organizado levou apenas 23 dias de debates internos e limitados ao minist\u00e9rio.<\/p>\n<p class=\" \">O levantamento do jornal confirma as <a class=\"internal-link\" title=\"\" href=\"https:\/\/www.redebrasilatual.com.br\/cidadania\/2019\/02\/para-defensores-publicos-propostas-de-moro-pode-ser-2018fomento-ao-crime2019\" target=\"_blank\" rel=\"noopener noreferrer\">cr\u00edticas de diversas entidades <\/a>que atuam no campo da seguran\u00e7a e dos direitos humanos e v\u00eam o pacote assinado pelo ministro como um <a class=\"internal-link\" title=\"\" href=\"https:\/\/www.redebrasilatual.com.br\/politica\/2019\/02\/moro-muda-de-ideia-sobre-caixa-2-para-juizes-pacote-anticrime-e-inaceitavel\" target=\"_blank\" rel=\"noopener noreferrer\">refor\u00e7o ao &#8220;populismo penal&#8221;<\/a>. &#8220;Para amparar as propostas e suas justificativas, a minuta n\u00e3o menciona trabalhos cient\u00edficos ou boas pr\u00e1ticas, mas destaca que certas medidas contam com apoio popular&#8221;, destaca o ve\u00edculo.<\/p>\n<p class=\" \">Em outro trecho, a reportagem cita que os documentos analisados endossam as propostas de Moro &#8220;sem ressalvas, muitas vezes usando como justificativa argumentos de natureza pol\u00edtica, e n\u00e3o jur\u00eddica&#8221;.<\/p>\n<p class=\" \">Como resposta ao decreto, entidades e movimentos sociais lan\u00e7aram a campanha <a class=\"internal-link\" title=\"\" href=\"https:\/\/www.redebrasilatual.com.br\/cidadania\/2019\/03\/contra-lei-de-moro-entidades-lancam-campanha-pacote-anticrime-uma-solucao-fake\" target=\"_blank\" rel=\"noopener noreferrer\">&#8220;Pacote Anticrime, uma solu\u00e7\u00e3o fake&#8221;<\/a>. O\u00a0Instituto Brasileiro de Ci\u00eancias Criminais (IBCCrim), uma das dezenas de organiza\u00e7\u00f5es contr\u00e1rias \u00e0 proposta, j\u00e1 avaliava as medidas de Moro como <a class=\"internal-link\" title=\"\" href=\"https:\/\/www.redebrasilatual.com.br\/politica\/2019\/02\/pacote-de-moro-estimula-um-estado-ainda-mais-violento\" target=\"_blank\" rel=\"noopener noreferrer\">&#8220;superficiais&#8221; e ineficazes para dar conta dos problemas de seguran\u00e7a p\u00fablica no pa\u00eds<\/a>, assim como o projeto de Alexandre Mores que tamb\u00e9m levanta o endurecimentos das leis e processos penais.<\/p>\n<p class=\" \">A despeito da an\u00e1lise de <a class=\"internal-link\" title=\"\" href=\"https:\/\/www.redebrasilatual.com.br\/cidadania\/2019\/02\/pastoral-carceraria-repudia-propostas-de-moro-vao-aumentar-a-violencia\" target=\"_blank\" rel=\"noopener noreferrer\">diversos juristas e entidades <\/a>que criticam as medidas de Moro com base em estudos e pesquisas, a secret\u00e1ria nacional de Justi\u00e7a, Maria Hilda Marsiaj Pinto, declarou por meio de nota t\u00e9cnica ao jornal que o pacote anticrime, feito em ritmo acelerado, trar\u00e1 &#8220;mecanismos eficientes de combate \u00e0 viol\u00eancia que assola todo pa\u00eds&#8221;.\u00a0<\/p>\n<p class=\" \">\u00a0<\/p>\n<p class=\" \"><strong>Fonte: Rede Brasil Atual<\/strong><\/p>\n","protected":false},"excerpt":{"rendered":"<p>O chamado\u00a0pacote anticrime, apresentado em fevereiro pelo ministro da Justi\u00e7a e Seguran\u00e7a P\u00fablica, Sergio Moro, foi criado\u00a0sem que se consultassem evid\u00eancias cient\u00edficas ou debate com especialistas em seguran\u00e7a p\u00fablica, acad\u00eamicos ou sociedade civil, segundo apurou o\u00a0jornal Folha de S. Paulo, baseado em documentos obtidos por meio da Lei de Acesso \u00e0 Informa\u00e7\u00e3o. Na an\u00e1lise do [&hellip;]<\/p>\n","protected":false},"author":2,"featured_media":6382,"comment_status":"","ping_status":"","sticky":false,"template":"","format":"standard","meta":{"footnotes":""},"categories":[3],"tags":[],"class_list":["post-6383","post","type-post","status-publish","format-standard","has-post-thumbnail","hentry","category-noticias"],"_links":{"self":[{"href":"https:\/\/hostnetart.com.br\/baixada\/wp-json\/wp\/v2\/posts\/6383","targetHints":{"allow":["GET"]}}],"collection":[{"href":"https:\/\/hostnetart.com.br\/baixada\/wp-json\/wp\/v2\/posts"}],"about":[{"href":"https:\/\/hostnetart.com.br\/baixada\/wp-json\/wp\/v2\/types\/post"}],"author":[{"embeddable":true,"href":"https:\/\/hostnetart.com.br\/baixada\/wp-json\/wp\/v2\/users\/2"}],"replies":[{"embeddable":true,"href":"https:\/\/hostnetart.com.br\/baixada\/wp-json\/wp\/v2\/comments?post=6383"}],"version-history":[{"count":0,"href":"https:\/\/hostnetart.com.br\/baixada\/wp-json\/wp\/v2\/posts\/6383\/revisions"}],"wp:featuredmedia":[{"embeddable":true,"href":"https:\/\/hostnetart.com.br\/baixada\/wp-json\/wp\/v2\/media\/6382"}],"wp:attachment":[{"href":"https:\/\/hostnetart.com.br\/baixada\/wp-json\/wp\/v2\/media?parent=6383"}],"wp:term":[{"taxonomy":"category","embeddable":true,"href":"https:\/\/hostnetart.com.br\/baixada\/wp-json\/wp\/v2\/categories?post=6383"},{"taxonomy":"post_tag","embeddable":true,"href":"https:\/\/hostnetart.com.br\/baixada\/wp-json\/wp\/v2\/tags?post=6383"}],"curies":[{"name":"wp","href":"https:\/\/api.w.org\/{rel}","templated":true}]}}