{"id":6379,"date":"2019-04-01T16:46:04","date_gmt":"2019-04-01T19:46:04","guid":{"rendered":"https:\/\/hostnetart.com.br\/baixada\/contraf-cut-defende-caixa-100-publica-em-anuncio-do-balanco-do-banco\/"},"modified":"2019-04-01T16:46:04","modified_gmt":"2019-04-01T19:46:04","slug":"contraf-cut-defende-caixa-100-publica-em-anuncio-do-balanco-do-banco","status":"publish","type":"post","link":"https:\/\/hostnetart.com.br\/baixada\/contraf-cut-defende-caixa-100-publica-em-anuncio-do-balanco-do-banco\/","title":{"rendered":"Contraf-CUT defende Caixa 100% p\u00fablica em an\u00fancio do balan\u00e7o do banco"},"content":{"rendered":"<div class=\"elementor-element elementor-element-194680ec elementor-widget elementor-widget-theme-post-content\" data-id=\"194680ec\" data-element_type=\"widget\" data-widget_type=\"theme-post-content.default\">\n<div class=\"elementor-widget-container\">\n<p>O movimento sindical marcou presen\u00e7a no an\u00fancio do oficial do <a href=\"https:\/\/contrafcut.com.br\/noticias\/lucro-menor-da-caixa-aponta-perda-de-mercado-em-2018\/\" target=\"_blank\" rel=\"noopener noreferrer\">balan\u00e7o da Caixa de 2018<\/a>, feito em coletiva para a imprensa, em S\u00e3o Paulo, feito pelo presidente da Caixa, Pedro Guimar\u00e3es.<\/p>\n<p>S\u00e9rgio Takemoto, secret\u00e1rio de Finan\u00e7as da Contraf-CUT e empregado da Caixa, criticou o discurso do presidente.\u201c\u00c9 bonito ouvir o discurso dele de fortalecimento da Caixa. Por\u00e9m, ele j\u00e1 foi aos Estados Unidos oferecer o banco. Isso demostra um claro interesse pela privatiza\u00e7\u00e3o. Ent\u00e3o o discurso de fortalecimento \u00e9 falso, com o objetivo de enganar a popula\u00e7\u00e3o e os empregados da Caixa.\u201d<\/p>\n<div class=\"wp-block-image\">\n<figure class=\"alignleft is-resized\"><img fetchpriority=\"high\" decoding=\"async\" class=\"wp-image-268977 lazyloaded\" src=\"https:\/\/contrafcut.com.br\/wp-content\/uploads\/2019\/03\/WhatsApp-Image-2019-03-29-at-20.00.58.jpeg\" sizes=\"(max-width: 350px) 100vw, 350px\" srcset=\"https:\/\/contrafcut.com.br\/wp-content\/uploads\/2019\/03\/WhatsApp-Image-2019-03-29-at-20.00.58.jpeg 1280w, https:\/\/contrafcut.com.br\/wp-content\/uploads\/2019\/03\/WhatsApp-Image-2019-03-29-at-20.00.58-234x230.jpeg 234w, https:\/\/contrafcut.com.br\/wp-content\/uploads\/2019\/03\/WhatsApp-Image-2019-03-29-at-20.00.58-768x754.jpeg 768w\" alt=\"\" width=\"350\" height=\"343\" data-lazy-src=\"https:\/\/contrafcut.com.br\/wp-content\/uploads\/2019\/03\/WhatsApp-Image-2019-03-29-at-20.00.58.jpeg\" data-lazy-srcset=\"https:\/\/contrafcut.com.br\/wp-content\/uploads\/2019\/03\/WhatsApp-Image-2019-03-29-at-20.00.58.jpeg 1280w, https:\/\/contrafcut.com.br\/wp-content\/uploads\/2019\/03\/WhatsApp-Image-2019-03-29-at-20.00.58-234x230.jpeg 234w, https:\/\/contrafcut.com.br\/wp-content\/uploads\/2019\/03\/WhatsApp-Image-2019-03-29-at-20.00.58-768x754.jpeg 768w\" data-lazy-sizes=\"(max-width: 350px) 100vw, 350px\" data-was-processed=\"true\" \/><\/figure>\n<\/div>\n<p>Outro questionamento foi sobre a<a href=\"https:\/\/www.fenae.org.br\/portal\/fenae-portal\/noticias\/conselho-curador-governo-retira-caixa-de-decisoes-do-fgts.htm\" target=\"_blank\" rel=\"noopener noreferrer\"> retirada da Caixa do Conselho Curador do Fundo de Garantia por Tempo de Servi\u00e7o (FGTS)<\/a>, apesar de o banco ser o gestor do fundo. Diante dessas indaga\u00e7\u00f5es, a resposta de Pedro Guimar\u00e3es foi de que essa \u00e9 uma decis\u00e3o de governo, explicando que a Diretoria do banco vai tentar revert\u00ea-las. \u201cN\u00f3s tamb\u00e9m cobramos sobre a sa\u00edda da Caixa do Conselho do FGTS. Isso tamb\u00e9m, \u00e9 enfraquecimento do banco e a atual diretoria n\u00e3o deu resposta \u00e0 altura\u201d, afirmou Takemoto<\/p>\n<p>N\u00e3o tem sentido enfraquecer, fatiar, reduzir ou privatizar a Caixa. O banco p\u00fablico, al\u00e9m de lucrativo, \u00e9 respons\u00e1vel sozinho por 90% do financiamento da moradia popular e por 40% da poupan\u00e7a. Com suas 4,2 mil ag\u00eancias, que atendem mais de R$ 94 milh\u00f5es de correntistas e poupadores, a Caixa chega a lugares nos quais as institui\u00e7\u00f5es privadas n\u00e3o t\u00eam interesse em atuar\u201d, completou o secret\u00e1rio de Finan\u00e7as da Contraf-CUT.<\/p>\n<p>Dion\u00edsio Reis, coordenador da Comiss\u00e3o Executiva dos Empregados (CEE) da Caixa, deixou um recado a Pedro Guimar\u00e3es e ao governo federal. \u201cOs empregados est\u00e3o mobilizados e a sociedade \u00e9 contra a privatiza\u00e7\u00e3o. N\u00e3o aceitaremos ataques aos direitos dos trabalhadores e nem \u00e0 Caixa 100% p\u00fablica, social e que atua em prol do desenvolvimento do pa\u00eds. Se concretizados os objetivos dessa dire\u00e7\u00e3o, perdem os empregados, a popula\u00e7\u00e3o e o pa\u00eds. A Caixa \u00e9 do povo! A Caixa n\u00e3o se vende!\u201d, conclui Dion\u00edsio Reis.<\/p>\n<p>\u00a0<\/p>\n<p><strong>Fonte: Contraf-CUT<\/strong><\/p>\n<\/div>\n<\/div>\n","protected":false},"excerpt":{"rendered":"<p>O movimento sindical marcou presen\u00e7a no an\u00fancio do oficial do balan\u00e7o da Caixa de 2018, feito em coletiva para a imprensa, em S\u00e3o Paulo, feito pelo presidente da Caixa, Pedro Guimar\u00e3es. S\u00e9rgio Takemoto, secret\u00e1rio de Finan\u00e7as da Contraf-CUT e empregado da Caixa, criticou o discurso do presidente.\u201c\u00c9 bonito ouvir o discurso dele de fortalecimento da [&hellip;]<\/p>\n","protected":false},"author":2,"featured_media":6378,"comment_status":"","ping_status":"","sticky":false,"template":"","format":"standard","meta":{"footnotes":""},"categories":[3],"tags":[],"class_list":["post-6379","post","type-post","status-publish","format-standard","has-post-thumbnail","hentry","category-noticias"],"_links":{"self":[{"href":"https:\/\/hostnetart.com.br\/baixada\/wp-json\/wp\/v2\/posts\/6379","targetHints":{"allow":["GET"]}}],"collection":[{"href":"https:\/\/hostnetart.com.br\/baixada\/wp-json\/wp\/v2\/posts"}],"about":[{"href":"https:\/\/hostnetart.com.br\/baixada\/wp-json\/wp\/v2\/types\/post"}],"author":[{"embeddable":true,"href":"https:\/\/hostnetart.com.br\/baixada\/wp-json\/wp\/v2\/users\/2"}],"replies":[{"embeddable":true,"href":"https:\/\/hostnetart.com.br\/baixada\/wp-json\/wp\/v2\/comments?post=6379"}],"version-history":[{"count":0,"href":"https:\/\/hostnetart.com.br\/baixada\/wp-json\/wp\/v2\/posts\/6379\/revisions"}],"wp:featuredmedia":[{"embeddable":true,"href":"https:\/\/hostnetart.com.br\/baixada\/wp-json\/wp\/v2\/media\/6378"}],"wp:attachment":[{"href":"https:\/\/hostnetart.com.br\/baixada\/wp-json\/wp\/v2\/media?parent=6379"}],"wp:term":[{"taxonomy":"category","embeddable":true,"href":"https:\/\/hostnetart.com.br\/baixada\/wp-json\/wp\/v2\/categories?post=6379"},{"taxonomy":"post_tag","embeddable":true,"href":"https:\/\/hostnetart.com.br\/baixada\/wp-json\/wp\/v2\/tags?post=6379"}],"curies":[{"name":"wp","href":"https:\/\/api.w.org\/{rel}","templated":true}]}}