{"id":6375,"date":"2019-03-29T20:34:27","date_gmt":"2019-03-29T23:34:27","guid":{"rendered":"https:\/\/hostnetart.com.br\/baixada\/desemprego-segue-alto-desalento-e-exclusao-do-mercado-batem-recorde\/"},"modified":"2019-03-29T20:34:27","modified_gmt":"2019-03-29T23:34:27","slug":"desemprego-segue-alto-desalento-e-exclusao-do-mercado-batem-recorde","status":"publish","type":"post","link":"https:\/\/hostnetart.com.br\/baixada\/desemprego-segue-alto-desalento-e-exclusao-do-mercado-batem-recorde\/","title":{"rendered":"Desemprego segue alto, desalento e exclus\u00e3o do mercado batem recorde"},"content":{"rendered":"<p>A taxa de desemprego subiu para 12,4% no trimestre encerrado em fevereiro, com um n\u00famero estimado de 13,098 milh\u00f5es de desempregados, informou nesta sexta-feira (29) o IBGE. Em dezembro, estava em 11,6% \u2013 em compara\u00e7\u00e3o com fevereiro de 2018, ficou est\u00e1vel (12,6%). S\u00e3o 892 mil desempregados a mais em tr\u00eas meses, crescimento de 7,3%, enquanto o total de ocupados encolheu 1,1% (menos 1,062 milh\u00e3o). O desalento e o total de pessoas fora da for\u00e7a de trabalho foram recordes.<\/p>\n<p>A \u00faltima vez que a taxa esteve abaixo de dois d\u00edgitos foi em janeiro de 2016, ainda no per\u00edodo pr\u00e9-impeachment: 9,5%. Atualmente, est\u00e1 tr\u00eas pontos acima. Se no per\u00edodo posterior \u00e0 <a class=\"internal-link\" title=\"\" href=\"https:\/\/www.redebrasilatual.com.br\/trabalho\/2018\/11\/trabalhadores-sao-prejudicados-um-ano-apos-a-reforma-trabalhista\" target=\"_blank\" rel=\"noopener noreferrer\">&#8220;reforma&#8221; trabalhista<\/a>, o desemprego n\u00e3o aumentou significativamente, tamb\u00e9m n\u00e3o cedeu. O que cresce continuamente \u00e9 a informalidade no mercado.<\/p>\n<p>De acordo com o instituto, o n\u00famero de desalentados somou 4,9 milh\u00f5es em fevereiro, atingindo novo recorde, est\u00e1vel no trimestre e com crescimento de 6% em um ano (275 mil a mais). O percentual \u00e9 de 4,4%. J\u00e1 a popula\u00e7\u00e3o fora da for\u00e7a de trabalho atinge 65,7 milh\u00f5es, crescendo 0,9% em tr\u00eas meses (595 mil) e 1,2% em 12 meses (754 mil).<\/p>\n<p>O total de ocupados \u00e9 de 92,127 milh\u00f5es. Cresceu 1,1% em 12 meses, com acr\u00e9scimo de 1,036 milh\u00e3o. Mas, como vem se tornando comum, o que cresce, basicamente, \u00e9 o emprego no setor privado sem carteira (367 mil a mais, 3,4%) e o trabalho por conta pr\u00f3pria (644 mil, 2,8%).<\/p>\n<p>A chamada popula\u00e7\u00e3o subutilizada \u2013 al\u00e9m dos desempregados, aquela que gostaria de trabalhar mais \u2013 chega a 27,9 milh\u00f5es, outro recorde apurado na pesquisa, com mais 901 mil pessoas (3,3%) no trimestre e 795 mil (2,9%) em 12 meses. A taxa de subutiliza\u00e7\u00e3o da for\u00e7a de trabalho subiu para 24,6%.<\/p>\n<p>Os empregados com carteira assinada no setor privado somam 33,027 milh\u00f5es, enquanto os sem carteira s\u00e3o 11,128 milh\u00f5es. E os trabalhadores por conta pr\u00f3pria chegam a 23,779 milh\u00f5es.<\/p>\n<p>O rendimento m\u00e9dio foi estimado em R$ 2.285. Teve crescimento de 1,6% no trimestre e foi considerado est\u00e1vel no per\u00edodo de 12 meses. A massa de rendimentos (R$ 205,4 bilh\u00f5es) ficou est\u00e1vel nas duas compara\u00e7\u00f5es.<\/p>\n<p>\u00a0<\/p>\n<p><strong>Fonte: Rede Brasil Atual<\/strong><\/p>\n","protected":false},"excerpt":{"rendered":"<p>A taxa de desemprego subiu para 12,4% no trimestre encerrado em fevereiro, com um n\u00famero estimado de 13,098 milh\u00f5es de desempregados, informou nesta sexta-feira (29) o IBGE. Em dezembro, estava em 11,6% \u2013 em compara\u00e7\u00e3o com fevereiro de 2018, ficou est\u00e1vel (12,6%). S\u00e3o 892 mil desempregados a mais em tr\u00eas meses, crescimento de 7,3%, enquanto [&hellip;]<\/p>\n","protected":false},"author":2,"featured_media":6374,"comment_status":"","ping_status":"","sticky":false,"template":"","format":"standard","meta":{"footnotes":""},"categories":[3],"tags":[],"class_list":["post-6375","post","type-post","status-publish","format-standard","has-post-thumbnail","hentry","category-noticias"],"_links":{"self":[{"href":"https:\/\/hostnetart.com.br\/baixada\/wp-json\/wp\/v2\/posts\/6375","targetHints":{"allow":["GET"]}}],"collection":[{"href":"https:\/\/hostnetart.com.br\/baixada\/wp-json\/wp\/v2\/posts"}],"about":[{"href":"https:\/\/hostnetart.com.br\/baixada\/wp-json\/wp\/v2\/types\/post"}],"author":[{"embeddable":true,"href":"https:\/\/hostnetart.com.br\/baixada\/wp-json\/wp\/v2\/users\/2"}],"replies":[{"embeddable":true,"href":"https:\/\/hostnetart.com.br\/baixada\/wp-json\/wp\/v2\/comments?post=6375"}],"version-history":[{"count":0,"href":"https:\/\/hostnetart.com.br\/baixada\/wp-json\/wp\/v2\/posts\/6375\/revisions"}],"wp:featuredmedia":[{"embeddable":true,"href":"https:\/\/hostnetart.com.br\/baixada\/wp-json\/wp\/v2\/media\/6374"}],"wp:attachment":[{"href":"https:\/\/hostnetart.com.br\/baixada\/wp-json\/wp\/v2\/media?parent=6375"}],"wp:term":[{"taxonomy":"category","embeddable":true,"href":"https:\/\/hostnetart.com.br\/baixada\/wp-json\/wp\/v2\/categories?post=6375"},{"taxonomy":"post_tag","embeddable":true,"href":"https:\/\/hostnetart.com.br\/baixada\/wp-json\/wp\/v2\/tags?post=6375"}],"curies":[{"name":"wp","href":"https:\/\/api.w.org\/{rel}","templated":true}]}}