{"id":6373,"date":"2019-03-29T20:32:42","date_gmt":"2019-03-29T23:32:42","guid":{"rendered":"https:\/\/hostnetart.com.br\/baixada\/depois-da-negociacao-bradesco-vai-corrigir-forma-de-desconto-do-vale-transporte\/"},"modified":"2019-03-29T20:32:42","modified_gmt":"2019-03-29T23:32:42","slug":"depois-da-negociacao-bradesco-vai-corrigir-forma-de-desconto-do-vale-transporte","status":"publish","type":"post","link":"https:\/\/hostnetart.com.br\/baixada\/depois-da-negociacao-bradesco-vai-corrigir-forma-de-desconto-do-vale-transporte\/","title":{"rendered":"Depois da negocia\u00e7\u00e3o, Bradesco vai corrigir forma de desconto do vale-transporte"},"content":{"rendered":"<div class=\"elementor-element elementor-element-194680ec elementor-widget elementor-widget-theme-post-content\" data-id=\"194680ec\" data-element_type=\"widget\" data-widget_type=\"theme-post-content.default\">\n<div class=\"elementor-widget-container\">\n<p>O banco Bradesco comunicou \u00e0 Confedera\u00e7\u00e3o Nacional dos Trabalhadores do Ramo Financeiro (Contraf-CUT) que vai corrigir a forma de desconto dos valores referentes ao vale-transporte de seus funcion\u00e1rios. O banco informou que a partir de abril os valores j\u00e1 estar\u00e3o corrigidos.<\/p>\n<p>\u201cDesde a campanha passada informamos \u00e0 Fenaban (Federa\u00e7\u00e3o Nacional dos Bancos) que alguns bancos estavam descontando valores a mais do vale-transporte de seus funcion\u00e1rios. Tinha ficado acertado que at\u00e9 mar\u00e7o o acerto seria realizado\u201d, disse a presidenta da Contraf-CUT, Juvandia Moreira, que \u00e9 funcion\u00e1ria do banco.<\/p>\n<p>O assunto voltou a ser tratado<a href=\"https:\/\/contrafcut.com.br\/noticias\/coe-bradesco-discute-ampliacao-do-pde-a-todos-os-funcionarios\/\" target=\"_blank\" rel=\"noopener noreferrer\"> na \u00faltima mesa de negocia\u00e7\u00f5es<\/a>.<\/p>\n<p>A cl\u00e1usula 21 da Conven\u00e7\u00e3o Coletiva de Trabalho (CCT) da categoria determina que os banc\u00e1rios devem arcar com 4% do sal\u00e1rio b\u00e1sico. O banco, no entanto, vinha efetuando o desconto de 4% sobre a remunera\u00e7\u00e3o integrada \u00e0s gratifica\u00e7\u00f5es de fun\u00e7\u00e3o.<\/p>\n<p>Diversos sindicatos em todo o pa\u00eds j\u00e1 haviam entrado na justi\u00e7a pedindo a corre\u00e7\u00e3o da cobran\u00e7a e a restitui\u00e7\u00e3o dos valores cobrados a maior.<\/p>\n<p>\u00a0<\/p>\n<p><strong>Fonte: Contraf-CUT<\/strong><\/p>\n<\/div>\n<\/div>\n","protected":false},"excerpt":{"rendered":"<p>O banco Bradesco comunicou \u00e0 Confedera\u00e7\u00e3o Nacional dos Trabalhadores do Ramo Financeiro (Contraf-CUT) que vai corrigir a forma de desconto dos valores referentes ao vale-transporte de seus funcion\u00e1rios. O banco informou que a partir de abril os valores j\u00e1 estar\u00e3o corrigidos. \u201cDesde a campanha passada informamos \u00e0 Fenaban (Federa\u00e7\u00e3o Nacional dos Bancos) que alguns bancos [&hellip;]<\/p>\n","protected":false},"author":2,"featured_media":6372,"comment_status":"","ping_status":"","sticky":false,"template":"","format":"standard","meta":{"footnotes":""},"categories":[3],"tags":[],"class_list":["post-6373","post","type-post","status-publish","format-standard","has-post-thumbnail","hentry","category-noticias"],"_links":{"self":[{"href":"https:\/\/hostnetart.com.br\/baixada\/wp-json\/wp\/v2\/posts\/6373","targetHints":{"allow":["GET"]}}],"collection":[{"href":"https:\/\/hostnetart.com.br\/baixada\/wp-json\/wp\/v2\/posts"}],"about":[{"href":"https:\/\/hostnetart.com.br\/baixada\/wp-json\/wp\/v2\/types\/post"}],"author":[{"embeddable":true,"href":"https:\/\/hostnetart.com.br\/baixada\/wp-json\/wp\/v2\/users\/2"}],"replies":[{"embeddable":true,"href":"https:\/\/hostnetart.com.br\/baixada\/wp-json\/wp\/v2\/comments?post=6373"}],"version-history":[{"count":0,"href":"https:\/\/hostnetart.com.br\/baixada\/wp-json\/wp\/v2\/posts\/6373\/revisions"}],"wp:featuredmedia":[{"embeddable":true,"href":"https:\/\/hostnetart.com.br\/baixada\/wp-json\/wp\/v2\/media\/6372"}],"wp:attachment":[{"href":"https:\/\/hostnetart.com.br\/baixada\/wp-json\/wp\/v2\/media?parent=6373"}],"wp:term":[{"taxonomy":"category","embeddable":true,"href":"https:\/\/hostnetart.com.br\/baixada\/wp-json\/wp\/v2\/categories?post=6373"},{"taxonomy":"post_tag","embeddable":true,"href":"https:\/\/hostnetart.com.br\/baixada\/wp-json\/wp\/v2\/tags?post=6373"}],"curies":[{"name":"wp","href":"https:\/\/api.w.org\/{rel}","templated":true}]}}