{"id":6371,"date":"2019-03-29T20:30:50","date_gmt":"2019-03-29T23:30:50","guid":{"rendered":"https:\/\/hostnetart.com.br\/baixada\/sem-politica-de-valorizacao-salario-minimo-hoje-seria-de-r-573\/"},"modified":"2019-03-29T20:30:50","modified_gmt":"2019-03-29T23:30:50","slug":"sem-politica-de-valorizacao-salario-minimo-hoje-seria-de-r-573","status":"publish","type":"post","link":"https:\/\/hostnetart.com.br\/baixada\/sem-politica-de-valorizacao-salario-minimo-hoje-seria-de-r-573\/","title":{"rendered":"Sem pol\u00edtica de valoriza\u00e7\u00e3o, sal\u00e1rio m\u00ednimo hoje seria de R$ 573"},"content":{"rendered":"<div class=\"elementor-element elementor-element-194680ec elementor-widget elementor-widget-theme-post-content\" data-id=\"194680ec\" data-element_type=\"widget\" data-widget_type=\"theme-post-content.default\">\n<div class=\"elementor-widget-container\">\n<p>O sal\u00e1rio m\u00ednimo dos brasileiros poderia ser ainda menor sem a atual pol\u00edtica de valoriza\u00e7\u00e3o, implementada em 2004 no governo Lula, como ressalta o diretor t\u00e9cnico do Dieese, Clemente Ganz L\u00facio. Atacado na ter\u00e7a-feira (26) pelo vice-presidente, Hamilton Mour\u00e3o, que v\u00ea o reajuste anual calculado a partir da varia\u00e7\u00e3o do Produto Interno Bruto (PIB) e pela infla\u00e7\u00e3o do ano anterior como uma \u201cpuni\u00e7\u00e3o\u201d aos empres\u00e1rios, o sal\u00e1rio m\u00ednimo poderia ser de R$ 573, ante o valor atual de R$ 998.<\/p>\n<p>\u201cH\u00e1 um aumento de R$ 425 decorrente da pol\u00edtica de valoriza\u00e7\u00e3o do sal\u00e1rio m\u00ednimo, justamente esse aumento que o vice-presidente critica\u201d, afirma o diretor t\u00e9cnico em entrevista \u00e0 jornalista Marilu Caba\u00f1as, da R\u00e1dio Brasil Atual.<\/p>\n<p>Pela proposta de Mour\u00e3o, a manuten\u00e7\u00e3o do valor b\u00e1sico aconteceria a partir da corre\u00e7\u00e3o da infla\u00e7\u00e3o, a despeito do fato de o sal\u00e1rio m\u00ednimo no Brasil ainda estar distante do valor considerado ideal, como indica o Dieese. De acordo com a entidade, o piso nacional deveria ser de R$ 3.960,57, valor estimado para suprir as necessidades b\u00e1sicas de uma fam\u00edlia de quatro pessoas.<\/p>\n<p>Clemente defende a manuten\u00e7\u00e3o da pol\u00edtica de valoriza\u00e7\u00e3o como fundamental para que o sal\u00e1rio m\u00ednimo cres\u00e7a e esteja mais pr\u00f3ximo do que garante a Constitui\u00e7\u00e3o. \u201c(A manuten\u00e7\u00e3o da pol\u00edtica atual) faz a economia crescer, enfrenta as desigualdades, diminui as injusti\u00e7as e faz com que a economia tenha uma din\u00e2mica mais produtiva\u201d, pontua o especialista do Dieese, acrescentando que em abril, quando o governo dever\u00e1 encaminhar as diretrizes para o or\u00e7amento da Uni\u00e3o de 2020, ser\u00e1 poss\u00edvel saber se a inten\u00e7\u00e3o do governo de Jair Bolsonaro pela revis\u00e3o se confirmar\u00e1.<\/p>\n<p>Clique <a href=\"https:\/\/soundcloud.com\/redebrasilatual\/politica-de-valorizacao-do-salario-minimo-tambem-esta-na-mira-do-governo-bolsonaro\" target=\"_blank\" rel=\"noopener noreferrer\">aqui<\/a> e ou\u00e7a a entrevista na \u00edntegra.<\/p>\n<p>\u00a0<\/p>\n<p><strong>Fonte: Contraf-CUT<\/strong><\/p>\n<\/div>\n<\/div>\n","protected":false},"excerpt":{"rendered":"<p>O sal\u00e1rio m\u00ednimo dos brasileiros poderia ser ainda menor sem a atual pol\u00edtica de valoriza\u00e7\u00e3o, implementada em 2004 no governo Lula, como ressalta o diretor t\u00e9cnico do Dieese, Clemente Ganz L\u00facio. Atacado na ter\u00e7a-feira (26) pelo vice-presidente, Hamilton Mour\u00e3o, que v\u00ea o reajuste anual calculado a partir da varia\u00e7\u00e3o do Produto Interno Bruto (PIB) e [&hellip;]<\/p>\n","protected":false},"author":2,"featured_media":6370,"comment_status":"","ping_status":"","sticky":false,"template":"","format":"standard","meta":{"footnotes":""},"categories":[3],"tags":[],"class_list":["post-6371","post","type-post","status-publish","format-standard","has-post-thumbnail","hentry","category-noticias"],"_links":{"self":[{"href":"https:\/\/hostnetart.com.br\/baixada\/wp-json\/wp\/v2\/posts\/6371","targetHints":{"allow":["GET"]}}],"collection":[{"href":"https:\/\/hostnetart.com.br\/baixada\/wp-json\/wp\/v2\/posts"}],"about":[{"href":"https:\/\/hostnetart.com.br\/baixada\/wp-json\/wp\/v2\/types\/post"}],"author":[{"embeddable":true,"href":"https:\/\/hostnetart.com.br\/baixada\/wp-json\/wp\/v2\/users\/2"}],"replies":[{"embeddable":true,"href":"https:\/\/hostnetart.com.br\/baixada\/wp-json\/wp\/v2\/comments?post=6371"}],"version-history":[{"count":0,"href":"https:\/\/hostnetart.com.br\/baixada\/wp-json\/wp\/v2\/posts\/6371\/revisions"}],"wp:featuredmedia":[{"embeddable":true,"href":"https:\/\/hostnetart.com.br\/baixada\/wp-json\/wp\/v2\/media\/6370"}],"wp:attachment":[{"href":"https:\/\/hostnetart.com.br\/baixada\/wp-json\/wp\/v2\/media?parent=6371"}],"wp:term":[{"taxonomy":"category","embeddable":true,"href":"https:\/\/hostnetart.com.br\/baixada\/wp-json\/wp\/v2\/categories?post=6371"},{"taxonomy":"post_tag","embeddable":true,"href":"https:\/\/hostnetart.com.br\/baixada\/wp-json\/wp\/v2\/tags?post=6371"}],"curies":[{"name":"wp","href":"https:\/\/api.w.org\/{rel}","templated":true}]}}