{"id":6369,"date":"2019-03-28T20:04:23","date_gmt":"2019-03-28T23:04:23","guid":{"rendered":"https:\/\/hostnetart.com.br\/baixada\/na-contramao-do-mundo-brasil-engessa-orcamento-e-piora-investimento-publico\/"},"modified":"2019-03-28T20:04:23","modified_gmt":"2019-03-28T23:04:23","slug":"na-contramao-do-mundo-brasil-engessa-orcamento-e-piora-investimento-publico","status":"publish","type":"post","link":"https:\/\/hostnetart.com.br\/baixada\/na-contramao-do-mundo-brasil-engessa-orcamento-e-piora-investimento-publico\/","title":{"rendered":"Na contram\u00e3o do mundo, Brasil engessa or\u00e7amento e piora investimento p\u00fablico"},"content":{"rendered":"<p>O Brasil est\u00e1 andando para tr\u00e1s. Assim o momento do pa\u00eds \u00e9 definido pelo economista\u00a0Luiz Gonzaga\u00a0<strong>Belluzzo<\/strong>,\u00a0professor na Universidade Estadual de Campinas (Unicamp). Ap\u00f3s a C\u00e2mara dos Deputados aprovar a Proposta de Emenda Constitucional (PEC) que\u00a0<a class=\"internal-link\" title=\"\" href=\"https:\/\/www.redebrasilatual.com.br\/politica\/2019\/03\/camara-aprova-pec-do-orcamento-impositivo-e-enfraquece-governo-bolsonaro\" target=\"_blank\" rel=\"noopener noreferrer\">obriga o governo federal a executar todas as emendas<\/a>\u00a0parlamentares no or\u00e7amento da Uni\u00e3o, Belluzzo avalia que a medida cria dificuldades no manejo do or\u00e7amento e ir\u00e1 contribuir para piorar o\u00a0<strong>investimento p\u00fablico.<\/strong>\u00a0O cen\u00e1rio \u00e9 ainda dificultado pela Lei de Responsabilidade Fiscal, que para o economista deveria ser repensada.\u00a0<\/p>\n<p>\u201cQuando h\u00e1 necessidade de uma certa elasticidade do or\u00e7amento, para compensar, por exemplo, um decl\u00ednio do n\u00edvel de atividade (econ\u00f4mica) ou uma quebra da receita, se precisaria de uma regra um pouco mais flex\u00edvel\u201d, pondera Belluzzo, em entrevista aos jornalistas Marilu Caba\u00f1as e Glauco Faria, na\u00a0<strong>R\u00e1dio Brasil Atual<\/strong>.<\/p>\n<p>Para ele, tanto a PEC aprovada na C\u00e2mara quanto a medida do teto de gastos aprovada pelo ex-presidente Michel Temer prejudicam o investimento p\u00fablico, atualmente no n\u00edvel mais baixo dos \u00faltimos 20 anos.\u00a0\u201cEstamos na contram\u00e3o. No mundo inteiro h\u00e1 um movimento de libera\u00e7\u00e3o da capacidade do Estado para agir, movimentar seus recursos, gastar para poder estimular a economia privada. Ent\u00e3o estamos andando para tr\u00e1s, discutindo uma coisa que n\u00e3o tem mais sentido\u201d, afirma.<\/p>\n<p>Belluzzo avalia que a rela\u00e7\u00e3o conturbada de Bolsonaro com o Congresso revela a falta de no\u00e7\u00e3o do presidente sobre como funciona o regime republicano e democr\u00e1tico. \u201cNo caso dessa &#8216;nova pol\u00edtica&#8217;, nada mais velho do que o novo. \u00c9 a tentativa de n\u00e3o permitir o funcionamento normal e livre das outras institui\u00e7\u00f5es, respeitando suas fun\u00e7\u00f5es. Ele, na verdade, n\u00e3o entende isso. Basta dizer que ele se guia pelos conselhos do Olavo de Carvalho, que \u00e9 uma figura bizarra, para dizer o m\u00ednimo.\u201d<\/p>\n<p>Outra demonstra\u00e7\u00e3o recente de despreparo de Bolsonaro, na opini\u00e3o do professor da Unicamp, \u00e9 a decis\u00e3o do presidente de mandar as For\u00e7as Armadas comemorarem a data do golpe de 1964, no pr\u00f3ximo domingo (31). Segundo Belluzzo, esse \u00e9 um tema que mexe com a sensibilidade dos militares, pois ao menos uma parte deles n\u00e3o faz mais quest\u00e3o de considerar a data como algo favor\u00e1vel \u00e0 mem\u00f3ria do pa\u00eds.\u00a0<\/p>\n<p>\u00a0<\/p>\n<p><strong>Fonte: Rede Brasil Atual<\/strong><\/p>\n","protected":false},"excerpt":{"rendered":"<p>O Brasil est\u00e1 andando para tr\u00e1s. Assim o momento do pa\u00eds \u00e9 definido pelo economista\u00a0Luiz Gonzaga\u00a0Belluzzo,\u00a0professor na Universidade Estadual de Campinas (Unicamp). Ap\u00f3s a C\u00e2mara dos Deputados aprovar a Proposta de Emenda Constitucional (PEC) que\u00a0obriga o governo federal a executar todas as emendas\u00a0parlamentares no or\u00e7amento da Uni\u00e3o, Belluzzo avalia que a medida cria dificuldades no [&hellip;]<\/p>\n","protected":false},"author":2,"featured_media":6368,"comment_status":"","ping_status":"","sticky":false,"template":"","format":"standard","meta":{"footnotes":""},"categories":[3],"tags":[],"class_list":["post-6369","post","type-post","status-publish","format-standard","has-post-thumbnail","hentry","category-noticias"],"_links":{"self":[{"href":"https:\/\/hostnetart.com.br\/baixada\/wp-json\/wp\/v2\/posts\/6369","targetHints":{"allow":["GET"]}}],"collection":[{"href":"https:\/\/hostnetart.com.br\/baixada\/wp-json\/wp\/v2\/posts"}],"about":[{"href":"https:\/\/hostnetart.com.br\/baixada\/wp-json\/wp\/v2\/types\/post"}],"author":[{"embeddable":true,"href":"https:\/\/hostnetart.com.br\/baixada\/wp-json\/wp\/v2\/users\/2"}],"replies":[{"embeddable":true,"href":"https:\/\/hostnetart.com.br\/baixada\/wp-json\/wp\/v2\/comments?post=6369"}],"version-history":[{"count":0,"href":"https:\/\/hostnetart.com.br\/baixada\/wp-json\/wp\/v2\/posts\/6369\/revisions"}],"wp:featuredmedia":[{"embeddable":true,"href":"https:\/\/hostnetart.com.br\/baixada\/wp-json\/wp\/v2\/media\/6368"}],"wp:attachment":[{"href":"https:\/\/hostnetart.com.br\/baixada\/wp-json\/wp\/v2\/media?parent=6369"}],"wp:term":[{"taxonomy":"category","embeddable":true,"href":"https:\/\/hostnetart.com.br\/baixada\/wp-json\/wp\/v2\/categories?post=6369"},{"taxonomy":"post_tag","embeddable":true,"href":"https:\/\/hostnetart.com.br\/baixada\/wp-json\/wp\/v2\/tags?post=6369"}],"curies":[{"name":"wp","href":"https:\/\/api.w.org\/{rel}","templated":true}]}}