{"id":6361,"date":"2019-03-28T13:49:01","date_gmt":"2019-03-28T16:49:01","guid":{"rendered":"https:\/\/hostnetart.com.br\/baixada\/cut-promove-encontro-para-debater-politicas-da-entidade-junto-aos-sindicatos\/"},"modified":"2019-03-28T13:49:01","modified_gmt":"2019-03-28T16:49:01","slug":"cut-promove-encontro-para-debater-politicas-da-entidade-junto-aos-sindicatos","status":"publish","type":"post","link":"https:\/\/hostnetart.com.br\/baixada\/cut-promove-encontro-para-debater-politicas-da-entidade-junto-aos-sindicatos\/","title":{"rendered":"CUT promove encontro para debater pol\u00edticas da entidade junto aos sindicatos"},"content":{"rendered":"<p class=\" \">Ap\u00f3s 13 anos, a CUT se prepara para a realiza\u00e7\u00e3o da 4\u00aa edi\u00e7\u00e3o de sua Confer\u00eancia Nacional de Forma\u00e7\u00e3o, encontro que tem como objetivo <a class=\"internal-link\" title=\"\" href=\"https:\/\/www.redebrasilatual.com.br\/politica\/2019\/03\/centrais-e-oposicao-veem-chance-real-de-derrubar-reforma-e-falam-em-greve-geral\" target=\"_blank\" rel=\"noopener noreferrer\">direcionar as pol\u00edticas da entidade<\/a> junto aos sindicatos de todo o pa\u00eds. O encontro ser\u00e1 realizado entre os dias 27 e 31 de maio, no Sesc Venda Nova, em Belo Horizonte.<\/p>\n<p class=\" \">Nesta edi\u00e7\u00e3o, a mudan\u00e7a da economia e os rumos da democracia no cen\u00e1rio atual, al\u00e9m das <a class=\"internal-link\" title=\"\" href=\"https:\/\/www.redebrasilatual.com.br\/trabalho\/2019\/02\/sindicatos-discutem-como-atrair-jovens-e-aumentar-representacao\" target=\"_blank\" rel=\"noopener noreferrer\">transforma\u00e7\u00f5es do trabalho<\/a>, s\u00e3o alguns dos temas da confer\u00eancia que j\u00e1 vem sendo realizada em \u00e2mbito estadual. Ao <i>Seu Jornal<\/i>, da <b>TVT<\/b>, a secret\u00e1ria de forma\u00e7\u00e3o da CUT, Rosane Bertotti, explica que o encontro \u00e9 fundamental para repensar o <a class=\"internal-link\" title=\"\" href=\"https:\/\/www.redebrasilatual.com.br\/trabalho\/2019\/03\/sindicatos-de-diversas-categorias-barram-efeitos-da-mp-873-na-justica\" target=\"_blank\" rel=\"noopener noreferrer\">movimento sindical<\/a> e a sua contribui\u00e7\u00e3o para a economia.<\/p>\n<p class=\" \">&#8220;&#8221;Repensar a forma de organizar o movimento sindical tamb\u00e9m \u00e9 repensar a forma de contribui\u00e7\u00e3o do mundo sindical na economia, no mundo do trabalho, para que possamos ter proposta de desenvolvimento e tamb\u00e9m a resist\u00eancia, a defesa e a luta pelos direitos dos trabalhadores&#8221;&#8221;, afirma a secret\u00e1ria de forma\u00e7\u00e3o da CUT. Ao todo, aproximadamente 500 delegados e delegadas estar\u00e3o presente no encontro que contar\u00e1 ainda com a participa\u00e7\u00e3o de movimentos sociais nacionais e internacionais.<\/p>\n<p class=\" \">\u00a0<\/p>\n<p class=\" \"><strong>Fonte: Rede Brasil Atual<\/strong><\/p>\n","protected":false},"excerpt":{"rendered":"<p>Ap\u00f3s 13 anos, a CUT se prepara para a realiza\u00e7\u00e3o da 4\u00aa edi\u00e7\u00e3o de sua Confer\u00eancia Nacional de Forma\u00e7\u00e3o, encontro que tem como objetivo direcionar as pol\u00edticas da entidade junto aos sindicatos de todo o pa\u00eds. O encontro ser\u00e1 realizado entre os dias 27 e 31 de maio, no Sesc Venda Nova, em Belo Horizonte. [&hellip;]<\/p>\n","protected":false},"author":2,"featured_media":6360,"comment_status":"","ping_status":"","sticky":false,"template":"","format":"standard","meta":{"footnotes":""},"categories":[3],"tags":[],"class_list":["post-6361","post","type-post","status-publish","format-standard","has-post-thumbnail","hentry","category-noticias"],"_links":{"self":[{"href":"https:\/\/hostnetart.com.br\/baixada\/wp-json\/wp\/v2\/posts\/6361","targetHints":{"allow":["GET"]}}],"collection":[{"href":"https:\/\/hostnetart.com.br\/baixada\/wp-json\/wp\/v2\/posts"}],"about":[{"href":"https:\/\/hostnetart.com.br\/baixada\/wp-json\/wp\/v2\/types\/post"}],"author":[{"embeddable":true,"href":"https:\/\/hostnetart.com.br\/baixada\/wp-json\/wp\/v2\/users\/2"}],"replies":[{"embeddable":true,"href":"https:\/\/hostnetart.com.br\/baixada\/wp-json\/wp\/v2\/comments?post=6361"}],"version-history":[{"count":0,"href":"https:\/\/hostnetart.com.br\/baixada\/wp-json\/wp\/v2\/posts\/6361\/revisions"}],"wp:featuredmedia":[{"embeddable":true,"href":"https:\/\/hostnetart.com.br\/baixada\/wp-json\/wp\/v2\/media\/6360"}],"wp:attachment":[{"href":"https:\/\/hostnetart.com.br\/baixada\/wp-json\/wp\/v2\/media?parent=6361"}],"wp:term":[{"taxonomy":"category","embeddable":true,"href":"https:\/\/hostnetart.com.br\/baixada\/wp-json\/wp\/v2\/categories?post=6361"},{"taxonomy":"post_tag","embeddable":true,"href":"https:\/\/hostnetart.com.br\/baixada\/wp-json\/wp\/v2\/tags?post=6361"}],"curies":[{"name":"wp","href":"https:\/\/api.w.org\/{rel}","templated":true}]}}